{"id":2840,"date":"2018-08-01T10:33:14","date_gmt":"2018-08-01T09:33:14","guid":{"rendered":"https:\/\/www.loladomenech.com\/open-house-2017\/"},"modified":"2019-11-25T15:04:55","modified_gmt":"2019-11-25T14:04:55","slug":"open-house-2017","status":"publish","type":"post","link":"https:\/\/lola.vueloiv.com\/es\/open-house-2017\/","title":{"rendered":"reforma de vivienda_les corts"},"content":{"rendered":"<p>2017_SELECCIONADO OPEN HOUSE<\/p>\n<p>Arquitectura, tecnolog\u00eda y sostenibilidad se unen en esta reforma integral de 250 m2.<br \/>\nLa vivienda familiar se transforma integralmente para dar acogida al nuevo programa funcional y necesidades de una familia especialmente apasionada por la m\u00fasica y la arquitectura.<br \/>\nEs un autentico privilegio profesional proyectar una vivienda\u00a0 para un cliente interesado por la arquitectura y el dise\u00f1o. Fruto de eso, el proyecto fluye y surge placida y harm\u00f3nicamente, siempre con el reto de buscar la mejor soluci\u00f3n espacial, formal y funcional con estrecho dialogo con sus usuarios.<br \/>\nCada \u00e1mbito o espacio disfruta de una atmosfera especial que se extiende por toda la vivienda.<br \/>\nLos espacios m\u00e1s sociables de la vivienda se sit\u00faan en los extremos opuestos, ocupando las frentes principales de las fachadas abiertas a la luz natural y a las vistas.<br \/>\nLa arquitectura est\u00e1 estrechamente ligada a la tecnolog\u00eda y a la sostenibilidad.<br \/>\nLos sistemas de calefacci\u00f3n, con tierra radiante sectorizado, y el acondicionamiento del aire se resuelven con el uso de energ\u00eda renovable (aerotermia) optimizando el consumo energ\u00e9tico.<br \/>\nEl proyecto apuesta por la sostenibilidad y la eficiencia energ\u00e9tica con el uso de materiales certificados, sistemas pasivos de protecci\u00f3n solar t\u00e9rmica y la renovaci\u00f3n natural del aire en toda la vivienda (ventilaci\u00f3n cruzada). A las fachadas, un sistema automatizado de llamas orientables y replegables permitir\u00e1 tamizar y regular la entrada de luz y radiaci\u00f3n solar.<\/p>\n","protected":false},"excerpt":{"rendered":"<p>2017_SELECCIONADO OPEN HOUSE<\/p>\n","protected":false},"author":2,"featured_media":1583,"comment_status":"open","ping_status":"open","sticky":false,"template":"","format":"standard","meta":{"_acf_changed":false,"footnotes":""},"categories":[12],"tags":[],"class_list":["post-2840","post","type-post","status-publish","format-standard","has-post-thumbnail","hentry","category-noticias"],"acf":[],"yoast_head":"<!-- This site is optimized with the Yoast SEO plugin v28.3 - https:\/\/yoast.com\/product\/yoast-seo-wordpress\/ -->\n<title>reforma de vivienda_les corts - Lola Dom\u00e8nech architect<\/title>\n<meta name=\"robots\" content=\"noindex, follow, max-snippet:-1, max-image-preview:large, max-video-preview:-1\" \/>\n<meta property=\"og:locale\" content=\"es_ES\" \/>\n<meta property=\"og:type\" content=\"article\" \/>\n<meta property=\"og:title\" content=\"reforma de vivienda_les corts - Lola Dom\u00e8nech architect\" \/>\n<meta property=\"og:description\" content=\"2017_SELECCIONADO OPEN HOUSE\" \/>\n<meta property=\"og:url\" content=\"https:\/\/lola.vueloiv.com\/en\/open-house-2017\/\" \/>\n<meta property=\"og:site_name\" content=\"Lola Dom\u00e8nech architect\" \/>\n<meta property=\"article:published_time\" content=\"2018-08-01T09:33:14+00:00\" \/>\n<meta property=\"article:modified_time\" content=\"2019-11-25T14:04:55+00:00\" \/>\n<meta property=\"og:image\" content=\"https:\/\/lola.vueloiv.com\/wp-content\/uploads\/GT_3-1.jpg\" \/>\n\t<meta property=\"og:image:width\" content=\"2320\" \/>\n\t<meta property=\"og:image:height\" content=\"1160\" \/>\n\t<meta property=\"og:image:type\" content=\"image\/jpeg\" \/>\n<meta name=\"author\" content=\"Lola Domenech\" \/>\n<meta name=\"twitter:card\" content=\"summary_large_image\" \/>\n<meta name=\"twitter:label1\" content=\"Escrito por\" \/>\n\t<meta name=\"twitter:data1\" content=\"Lola Domenech\" \/>\n\t<meta name=\"twitter:label2\" content=\"Tiempo de lectura\" \/>\n\t<meta name=\"twitter:data2\" content=\"1 minuto\" \/>\n<script type=\"application\/ld+json\" class=\"yoast-schema-graph\">{\"@context\":\"https:\\\/\\\/schema.org\",\"@graph\":[{\"@type\":\"Article\",\"@id\":\"https:\\\/\\\/lola.vueloiv.com\\\/en\\\/open-house-2017\\\/#article\",\"isPartOf\":{\"@id\":\"https:\\\/\\\/lola.vueloiv.com\\\/en\\\/open-house-2017\\\/\"},\"author\":{\"name\":\"Lola Domenech\",\"@id\":\"https:\\\/\\\/lola.vueloiv.com\\\/en\\\/#\\\/schema\\\/person\\\/bf923a760dcfaa0865d34f6042bc48d1\"},\"headline\":\"reforma de vivienda_les corts\",\"datePublished\":\"2018-08-01T09:33:14+00:00\",\"dateModified\":\"2019-11-25T14:04:55+00:00\",\"mainEntityOfPage\":{\"@id\":\"https:\\\/\\\/lola.vueloiv.com\\\/en\\\/open-house-2017\\\/\"},\"wordCount\":250,\"commentCount\":0,\"publisher\":{\"@id\":\"https:\\\/\\\/lola.vueloiv.com\\\/en\\\/#organization\"},\"image\":{\"@id\":\"https:\\\/\\\/lola.vueloiv.com\\\/en\\\/open-house-2017\\\/#primaryimage\"},\"thumbnailUrl\":\"https:\\\/\\\/lola.vueloiv.com\\\/wp-content\\\/uploads\\\/GT_3-1.jpg\",\"articleSection\":[\"Noticias\"],\"inLanguage\":\"es\",\"potentialAction\":[{\"@type\":\"CommentAction\",\"name\":\"Comment\",\"target\":[\"https:\\\/\\\/lola.vueloiv.com\\\/en\\\/open-house-2017\\\/#respond\"]}]},{\"@type\":\"WebPage\",\"@id\":\"https:\\\/\\\/lola.vueloiv.com\\\/en\\\/open-house-2017\\\/\",\"url\":\"https:\\\/\\\/lola.vueloiv.com\\\/en\\\/open-house-2017\\\/\",\"name\":\"reforma de vivienda_les corts - Lola Dom\u00e8nech architect\",\"isPartOf\":{\"@id\":\"https:\\\/\\\/lola.vueloiv.com\\\/en\\\/#website\"},\"primaryImageOfPage\":{\"@id\":\"https:\\\/\\\/lola.vueloiv.com\\\/en\\\/open-house-2017\\\/#primaryimage\"},\"image\":{\"@id\":\"https:\\\/\\\/lola.vueloiv.com\\\/en\\\/open-house-2017\\\/#primaryimage\"},\"thumbnailUrl\":\"https:\\\/\\\/lola.vueloiv.com\\\/wp-content\\\/uploads\\\/GT_3-1.jpg\",\"datePublished\":\"2018-08-01T09:33:14+00:00\",\"dateModified\":\"2019-11-25T14:04:55+00:00\",\"breadcrumb\":{\"@id\":\"https:\\\/\\\/lola.vueloiv.com\\\/en\\\/open-house-2017\\\/#breadcrumb\"},\"inLanguage\":\"es\",\"potentialAction\":[{\"@type\":\"ReadAction\",\"target\":[\"https:\\\/\\\/lola.vueloiv.com\\\/en\\\/open-house-2017\\\/\"]}]},{\"@type\":\"ImageObject\",\"inLanguage\":\"es\",\"@id\":\"https:\\\/\\\/lola.vueloiv.com\\\/en\\\/open-house-2017\\\/#primaryimage\",\"url\":\"https:\\\/\\\/lola.vueloiv.com\\\/wp-content\\\/uploads\\\/GT_3-1.jpg\",\"contentUrl\":\"https:\\\/\\\/lola.vueloiv.com\\\/wp-content\\\/uploads\\\/GT_3-1.jpg\",\"width\":2320,\"height\":1160},{\"@type\":\"BreadcrumbList\",\"@id\":\"https:\\\/\\\/lola.vueloiv.com\\\/en\\\/open-house-2017\\\/#breadcrumb\",\"itemListElement\":[{\"@type\":\"ListItem\",\"position\":1,\"name\":\"Home\",\"item\":\"https:\\\/\\\/lola.vueloiv.com\\\/es\\\/\"},{\"@type\":\"ListItem\",\"position\":2,\"name\":\"reforma de vivienda_les corts\"}]},{\"@type\":\"WebSite\",\"@id\":\"https:\\\/\\\/lola.vueloiv.com\\\/en\\\/#website\",\"url\":\"https:\\\/\\\/lola.vueloiv.com\\\/en\\\/\",\"name\":\"Lola Dom\u00e8nech architect\",\"description\":\"\",\"publisher\":{\"@id\":\"https:\\\/\\\/lola.vueloiv.com\\\/en\\\/#organization\"},\"potentialAction\":[{\"@type\":\"SearchAction\",\"target\":{\"@type\":\"EntryPoint\",\"urlTemplate\":\"https:\\\/\\\/lola.vueloiv.com\\\/en\\\/?s={search_term_string}\"},\"query-input\":{\"@type\":\"PropertyValueSpecification\",\"valueRequired\":true,\"valueName\":\"search_term_string\"}}],\"inLanguage\":\"es\"},{\"@type\":\"Organization\",\"@id\":\"https:\\\/\\\/lola.vueloiv.com\\\/en\\\/#organization\",\"name\":\"Lola Dom\u00e8nech architect\",\"url\":\"https:\\\/\\\/lola.vueloiv.com\\\/en\\\/\",\"logo\":{\"@type\":\"ImageObject\",\"inLanguage\":\"es\",\"@id\":\"https:\\\/\\\/lola.vueloiv.com\\\/en\\\/#\\\/schema\\\/logo\\\/image\\\/\",\"url\":\"https:\\\/\\\/lola.vueloiv.com\\\/wp-content\\\/uploads\\\/2026\\\/08\\\/favicon.png\",\"contentUrl\":\"https:\\\/\\\/lola.vueloiv.com\\\/wp-content\\\/uploads\\\/2026\\\/08\\\/favicon.png\",\"width\":558,\"height\":512,\"caption\":\"Lola Dom\u00e8nech architect\"},\"image\":{\"@id\":\"https:\\\/\\\/lola.vueloiv.com\\\/en\\\/#\\\/schema\\\/logo\\\/image\\\/\"}},{\"@type\":\"Person\",\"@id\":\"https:\\\/\\\/lola.vueloiv.com\\\/en\\\/#\\\/schema\\\/person\\\/bf923a760dcfaa0865d34f6042bc48d1\",\"name\":\"Lola Domenech\",\"image\":{\"@type\":\"ImageObject\",\"inLanguage\":\"es\",\"@id\":\"https:\\\/\\\/secure.gravatar.com\\\/avatar\\\/4ce8a0b61f985b962a54af07e2add04df5c6c5a7741e2070fcdf28588148eb1a?s=96&d=mm&r=g\",\"url\":\"https:\\\/\\\/secure.gravatar.com\\\/avatar\\\/4ce8a0b61f985b962a54af07e2add04df5c6c5a7741e2070fcdf28588148eb1a?s=96&d=mm&r=g\",\"contentUrl\":\"https:\\\/\\\/secure.gravatar.com\\\/avatar\\\/4ce8a0b61f985b962a54af07e2add04df5c6c5a7741e2070fcdf28588148eb1a?s=96&d=mm&r=g\",\"caption\":\"Lola Domenech\"},\"url\":\"https:\\\/\\\/lola.vueloiv.com\\\/es\\\/author\\\/lola\\\/\"}]}<\/script>\n<!-- \/ Yoast SEO plugin. -->","yoast_head_json":{"title":"reforma de vivienda_les corts - Lola Dom\u00e8nech architect","robots":{"index":"noindex","follow":"follow","max-snippet":"max-snippet:-1","max-image-preview":"max-image-preview:large","max-video-preview":"max-video-preview:-1"},"og_locale":"es_ES","og_type":"article","og_title":"reforma de vivienda_les corts - Lola Dom\u00e8nech architect","og_description":"2017_SELECCIONADO OPEN HOUSE","og_url":"https:\/\/lola.vueloiv.com\/en\/open-house-2017\/","og_site_name":"Lola Dom\u00e8nech architect","article_published_time":"2018-08-01T09:33:14+00:00","article_modified_time":"2019-11-25T14:04:55+00:00","og_image":[{"width":2320,"height":1160,"url":"https:\/\/lola.vueloiv.com\/wp-content\/uploads\/GT_3-1.jpg","type":"image\/jpeg"}],"author":"Lola Domenech","twitter_card":"summary_large_image","twitter_misc":{"Escrito por":"Lola Domenech","Tiempo de lectura":"1 minuto"},"schema":{"@context":"https:\/\/schema.org","@graph":[{"@type":"Article","@id":"https:\/\/lola.vueloiv.com\/en\/open-house-2017\/#article","isPartOf":{"@id":"https:\/\/lola.vueloiv.com\/en\/open-house-2017\/"},"author":{"name":"Lola Domenech","@id":"https:\/\/lola.vueloiv.com\/en\/#\/schema\/person\/bf923a760dcfaa0865d34f6042bc48d1"},"headline":"reforma de vivienda_les corts","datePublished":"2018-08-01T09:33:14+00:00","dateModified":"2019-11-25T14:04:55+00:00","mainEntityOfPage":{"@id":"https:\/\/lola.vueloiv.com\/en\/open-house-2017\/"},"wordCount":250,"commentCount":0,"publisher":{"@id":"https:\/\/lola.vueloiv.com\/en\/#organization"},"image":{"@id":"https:\/\/lola.vueloiv.com\/en\/open-house-2017\/#primaryimage"},"thumbnailUrl":"https:\/\/lola.vueloiv.com\/wp-content\/uploads\/GT_3-1.jpg","articleSection":["Noticias"],"inLanguage":"es","potentialAction":[{"@type":"CommentAction","name":"Comment","target":["https:\/\/lola.vueloiv.com\/en\/open-house-2017\/#respond"]}]},{"@type":"WebPage","@id":"https:\/\/lola.vueloiv.com\/en\/open-house-2017\/","url":"https:\/\/lola.vueloiv.com\/en\/open-house-2017\/","name":"reforma de vivienda_les corts - Lola Dom\u00e8nech architect","isPartOf":{"@id":"https:\/\/lola.vueloiv.com\/en\/#website"},"primaryImageOfPage":{"@id":"https:\/\/lola.vueloiv.com\/en\/open-house-2017\/#primaryimage"},"image":{"@id":"https:\/\/lola.vueloiv.com\/en\/open-house-2017\/#primaryimage"},"thumbnailUrl":"https:\/\/lola.vueloiv.com\/wp-content\/uploads\/GT_3-1.jpg","datePublished":"2018-08-01T09:33:14+00:00","dateModified":"2019-11-25T14:04:55+00:00","breadcrumb":{"@id":"https:\/\/lola.vueloiv.com\/en\/open-house-2017\/#breadcrumb"},"inLanguage":"es","potentialAction":[{"@type":"ReadAction","target":["https:\/\/lola.vueloiv.com\/en\/open-house-2017\/"]}]},{"@type":"ImageObject","inLanguage":"es","@id":"https:\/\/lola.vueloiv.com\/en\/open-house-2017\/#primaryimage","url":"https:\/\/lola.vueloiv.com\/wp-content\/uploads\/GT_3-1.jpg","contentUrl":"https:\/\/lola.vueloiv.com\/wp-content\/uploads\/GT_3-1.jpg","width":2320,"height":1160},{"@type":"BreadcrumbList","@id":"https:\/\/lola.vueloiv.com\/en\/open-house-2017\/#breadcrumb","itemListElement":[{"@type":"ListItem","position":1,"name":"Home","item":"https:\/\/lola.vueloiv.com\/es\/"},{"@type":"ListItem","position":2,"name":"reforma de vivienda_les corts"}]},{"@type":"WebSite","@id":"https:\/\/lola.vueloiv.com\/en\/#website","url":"https:\/\/lola.vueloiv.com\/en\/","name":"Lola Dom\u00e8nech architect","description":"","publisher":{"@id":"https:\/\/lola.vueloiv.com\/en\/#organization"},"potentialAction":[{"@type":"SearchAction","target":{"@type":"EntryPoint","urlTemplate":"https:\/\/lola.vueloiv.com\/en\/?s={search_term_string}"},"query-input":{"@type":"PropertyValueSpecification","valueRequired":true,"valueName":"search_term_string"}}],"inLanguage":"es"},{"@type":"Organization","@id":"https:\/\/lola.vueloiv.com\/en\/#organization","name":"Lola Dom\u00e8nech architect","url":"https:\/\/lola.vueloiv.com\/en\/","logo":{"@type":"ImageObject","inLanguage":"es","@id":"https:\/\/lola.vueloiv.com\/en\/#\/schema\/logo\/image\/","url":"https:\/\/lola.vueloiv.com\/wp-content\/uploads\/2026\/08\/favicon.png","contentUrl":"https:\/\/lola.vueloiv.com\/wp-content\/uploads\/2026\/08\/favicon.png","width":558,"height":512,"caption":"Lola Dom\u00e8nech architect"},"image":{"@id":"https:\/\/lola.vueloiv.com\/en\/#\/schema\/logo\/image\/"}},{"@type":"Person","@id":"https:\/\/lola.vueloiv.com\/en\/#\/schema\/person\/bf923a760dcfaa0865d34f6042bc48d1","name":"Lola Domenech","image":{"@type":"ImageObject","inLanguage":"es","@id":"https:\/\/secure.gravatar.com\/avatar\/4ce8a0b61f985b962a54af07e2add04df5c6c5a7741e2070fcdf28588148eb1a?s=96&d=mm&r=g","url":"https:\/\/secure.gravatar.com\/avatar\/4ce8a0b61f985b962a54af07e2add04df5c6c5a7741e2070fcdf28588148eb1a?s=96&d=mm&r=g","contentUrl":"https:\/\/secure.gravatar.com\/avatar\/4ce8a0b61f985b962a54af07e2add04df5c6c5a7741e2070fcdf28588148eb1a?s=96&d=mm&r=g","caption":"Lola Domenech"},"url":"https:\/\/lola.vueloiv.com\/es\/author\/lola\/"}]}},"_links":{"self":[{"href":"https:\/\/lola.vueloiv.com\/es\/wp-json\/wp\/v2\/posts\/2840","targetHints":{"allow":["GET"]}}],"collection":[{"href":"https:\/\/lola.vueloiv.com\/es\/wp-json\/wp\/v2\/posts"}],"about":[{"href":"https:\/\/lola.vueloiv.com\/es\/wp-json\/wp\/v2\/types\/post"}],"author":[{"embeddable":true,"href":"https:\/\/lola.vueloiv.com\/es\/wp-json\/wp\/v2\/users\/2"}],"replies":[{"embeddable":true,"href":"https:\/\/lola.vueloiv.com\/es\/wp-json\/wp\/v2\/comments?post=2840"}],"version-history":[{"count":0,"href":"https:\/\/lola.vueloiv.com\/es\/wp-json\/wp\/v2\/posts\/2840\/revisions"}],"wp:featuredmedia":[{"embeddable":true,"href":"https:\/\/lola.vueloiv.com\/es\/wp-json\/wp\/v2\/media\/1583"}],"wp:attachment":[{"href":"https:\/\/lola.vueloiv.com\/es\/wp-json\/wp\/v2\/media?parent=2840"}],"wp:term":[{"taxonomy":"category","embeddable":true,"href":"https:\/\/lola.vueloiv.com\/es\/wp-json\/wp\/v2\/categories?post=2840"},{"taxonomy":"post_tag","embeddable":true,"href":"https:\/\/lola.vueloiv.com\/es\/wp-json\/wp\/v2\/tags?post=2840"}],"curies":[{"name":"wp","href":"https:\/\/api.w.org\/{rel}","templated":true}]}}