{"id":6521,"date":"2026-06-22T11:32:46","date_gmt":"2026-06-22T10:32:46","guid":{"rendered":"https:\/\/www.loladomenech.com\/?p=6521\/"},"modified":"2026-06-22T13:26:52","modified_gmt":"2026-06-22T12:26:52","slug":"lola-domenech-membre-jury-2026-fad-awards","status":"publish","type":"post","link":"https:\/\/lola.vueloiv.com\/en\/lola-domenech-membre-jury-2026-fad-awards\/","title":{"rendered":"Lola Dom\u00e8nech membre of the jury for the 2026 FAD Awards"},"content":{"rendered":"<p>Lola Dom\u00e8nech participated as a member of the jury for the 2026 FAD Architecture and Interior Design Awards, along with Margarita Jover, Aleix Alexandre, Javier Jim\u00e9nez, Joao Paup\u00e9rio, and Carme Ribas. The awards ceremony took place on June 17th at the Disseny Hub in Barcelona.<\/p>\n<p>In this edition, the FAD Architecture and Interior Design Awards received a total of 362 submissions, of which 84 projects were selected: 45 in the Architecture category, 15 in Interior Design, 12 in City and Landscape, and 12 in Ephemeral Interventions. From this selection, 31 finalists were chosen, and 6 projects were awarded prizes: 3 in the Architecture category, 1 in Interior Design, 1 in City and Landscape, and 1 in Ephemeral Interventions.<\/p>\n","protected":false},"excerpt":{"rendered":"<p>Lola Dom\u00e8nech participated as a member of the jury for the 2026 FAD Architecture and Interior Design Awards, along with Margarita Jover, Aleix Alexandre, Javier Jim\u00e9nez, Joao Paup\u00e9rio, and Carme Ribas. The awards ceremony took place on June 17th at the Disseny Hub in Barcelona. In this edition, the FAD Architecture and Interior Design Awards [&hellip;]<\/p>\n","protected":false},"author":2,"featured_media":6523,"comment_status":"open","ping_status":"open","sticky":false,"template":"","format":"standard","meta":{"_acf_changed":false,"footnotes":""},"categories":[1],"tags":[],"class_list":["post-6521","post","type-post","status-publish","format-standard","has-post-thumbnail","hentry","category-news"],"acf":[],"yoast_head":"<!-- This site is optimized with the Yoast SEO plugin v28.3 - https:\/\/yoast.com\/product\/yoast-seo-wordpress\/ -->\n<title>Lola Dom\u00e8nech membre of the jury for the 2026 FAD Awards - Lola Dom\u00e8nech architect<\/title>\n<meta name=\"robots\" content=\"noindex, follow, max-snippet:-1, max-image-preview:large, max-video-preview:-1\" \/>\n<meta property=\"og:locale\" content=\"en_US\" \/>\n<meta property=\"og:type\" content=\"article\" \/>\n<meta property=\"og:title\" content=\"Lola Dom\u00e8nech membre of the jury for the 2026 FAD Awards - Lola Dom\u00e8nech architect\" \/>\n<meta property=\"og:description\" content=\"Lola Dom\u00e8nech participated as a member of the jury for the 2026 FAD Architecture and Interior Design Awards, along with Margarita Jover, Aleix Alexandre, Javier Jim\u00e9nez, Joao Paup\u00e9rio, and Carme Ribas. The awards ceremony took place on June 17th at the Disseny Hub in Barcelona. In this edition, the FAD Architecture and Interior Design Awards [&hellip;]\" \/>\n<meta property=\"og:url\" content=\"https:\/\/lola.vueloiv.com\/en\/lola-domenech-membre-jury-2026-fad-awards\/\" \/>\n<meta property=\"og:site_name\" content=\"Lola Dom\u00e8nech architect\" \/>\n<meta property=\"article:published_time\" content=\"2026-06-22T10:32:46+00:00\" \/>\n<meta property=\"article:modified_time\" content=\"2026-06-22T12:26:52+00:00\" \/>\n<meta property=\"og:image\" content=\"https:\/\/lola.vueloiv.com\/wp-content\/uploads\/IMG_7529-e1782125122254.jpg\" \/>\n\t<meta property=\"og:image:width\" content=\"600\" \/>\n\t<meta property=\"og:image:height\" content=\"789\" \/>\n\t<meta property=\"og:image:type\" content=\"image\/jpeg\" \/>\n<meta name=\"author\" content=\"Lola Domenech\" \/>\n<meta name=\"twitter:card\" content=\"summary_large_image\" \/>\n<meta name=\"twitter:label1\" content=\"Written by\" \/>\n\t<meta name=\"twitter:data1\" content=\"Lola Domenech\" \/>\n\t<meta name=\"twitter:label2\" content=\"Est. reading time\" \/>\n\t<meta name=\"twitter:data2\" content=\"1 minute\" \/>\n<script type=\"application\/ld+json\" class=\"yoast-schema-graph\">{\"@context\":\"https:\\\/\\\/schema.org\",\"@graph\":[{\"@type\":\"Article\",\"@id\":\"https:\\\/\\\/lola.vueloiv.com\\\/en\\\/lola-domenech-membre-jury-2026-fad-awards\\\/#article\",\"isPartOf\":{\"@id\":\"https:\\\/\\\/lola.vueloiv.com\\\/en\\\/lola-domenech-membre-jury-2026-fad-awards\\\/\"},\"author\":{\"name\":\"Lola Domenech\",\"@id\":\"https:\\\/\\\/lola.vueloiv.com\\\/en\\\/#\\\/schema\\\/person\\\/bf923a760dcfaa0865d34f6042bc48d1\"},\"headline\":\"Lola Dom\u00e8nech membre of the jury for the 2026 FAD Awards\",\"datePublished\":\"2026-06-22T10:32:46+00:00\",\"dateModified\":\"2026-06-22T12:26:52+00:00\",\"mainEntityOfPage\":{\"@id\":\"https:\\\/\\\/lola.vueloiv.com\\\/en\\\/lola-domenech-membre-jury-2026-fad-awards\\\/\"},\"wordCount\":119,\"commentCount\":0,\"publisher\":{\"@id\":\"https:\\\/\\\/lola.vueloiv.com\\\/en\\\/#organization\"},\"image\":{\"@id\":\"https:\\\/\\\/lola.vueloiv.com\\\/en\\\/lola-domenech-membre-jury-2026-fad-awards\\\/#primaryimage\"},\"thumbnailUrl\":\"https:\\\/\\\/lola.vueloiv.com\\\/wp-content\\\/uploads\\\/IMG_7529-e1782125122254.jpg\",\"articleSection\":[\"News\"],\"inLanguage\":\"en-US\",\"potentialAction\":[{\"@type\":\"CommentAction\",\"name\":\"Comment\",\"target\":[\"https:\\\/\\\/lola.vueloiv.com\\\/en\\\/lola-domenech-membre-jury-2026-fad-awards\\\/#respond\"]}]},{\"@type\":\"WebPage\",\"@id\":\"https:\\\/\\\/lola.vueloiv.com\\\/en\\\/lola-domenech-membre-jury-2026-fad-awards\\\/\",\"url\":\"https:\\\/\\\/lola.vueloiv.com\\\/en\\\/lola-domenech-membre-jury-2026-fad-awards\\\/\",\"name\":\"Lola Dom\u00e8nech membre of the jury for the 2026 FAD Awards - Lola Dom\u00e8nech architect\",\"isPartOf\":{\"@id\":\"https:\\\/\\\/lola.vueloiv.com\\\/en\\\/#website\"},\"primaryImageOfPage\":{\"@id\":\"https:\\\/\\\/lola.vueloiv.com\\\/en\\\/lola-domenech-membre-jury-2026-fad-awards\\\/#primaryimage\"},\"image\":{\"@id\":\"https:\\\/\\\/lola.vueloiv.com\\\/en\\\/lola-domenech-membre-jury-2026-fad-awards\\\/#primaryimage\"},\"thumbnailUrl\":\"https:\\\/\\\/lola.vueloiv.com\\\/wp-content\\\/uploads\\\/IMG_7529-e1782125122254.jpg\",\"datePublished\":\"2026-06-22T10:32:46+00:00\",\"dateModified\":\"2026-06-22T12:26:52+00:00\",\"breadcrumb\":{\"@id\":\"https:\\\/\\\/lola.vueloiv.com\\\/en\\\/lola-domenech-membre-jury-2026-fad-awards\\\/#breadcrumb\"},\"inLanguage\":\"en-US\",\"potentialAction\":[{\"@type\":\"ReadAction\",\"target\":[\"https:\\\/\\\/lola.vueloiv.com\\\/en\\\/lola-domenech-membre-jury-2026-fad-awards\\\/\"]}]},{\"@type\":\"ImageObject\",\"inLanguage\":\"en-US\",\"@id\":\"https:\\\/\\\/lola.vueloiv.com\\\/en\\\/lola-domenech-membre-jury-2026-fad-awards\\\/#primaryimage\",\"url\":\"https:\\\/\\\/lola.vueloiv.com\\\/wp-content\\\/uploads\\\/IMG_7529-e1782125122254.jpg\",\"contentUrl\":\"https:\\\/\\\/lola.vueloiv.com\\\/wp-content\\\/uploads\\\/IMG_7529-e1782125122254.jpg\",\"width\":600,\"height\":789,\"caption\":\"Screenshot\"},{\"@type\":\"BreadcrumbList\",\"@id\":\"https:\\\/\\\/lola.vueloiv.com\\\/en\\\/lola-domenech-membre-jury-2026-fad-awards\\\/#breadcrumb\",\"itemListElement\":[{\"@type\":\"ListItem\",\"position\":1,\"name\":\"Home\",\"item\":\"https:\\\/\\\/lola.vueloiv.com\\\/en\\\/\"},{\"@type\":\"ListItem\",\"position\":2,\"name\":\"Lola Dom\u00e8nech membre of the jury for the 2026 FAD Awards\"}]},{\"@type\":\"WebSite\",\"@id\":\"https:\\\/\\\/lola.vueloiv.com\\\/en\\\/#website\",\"url\":\"https:\\\/\\\/lola.vueloiv.com\\\/en\\\/\",\"name\":\"Lola Dom\u00e8nech architect\",\"description\":\"\",\"publisher\":{\"@id\":\"https:\\\/\\\/lola.vueloiv.com\\\/en\\\/#organization\"},\"potentialAction\":[{\"@type\":\"SearchAction\",\"target\":{\"@type\":\"EntryPoint\",\"urlTemplate\":\"https:\\\/\\\/lola.vueloiv.com\\\/en\\\/?s={search_term_string}\"},\"query-input\":{\"@type\":\"PropertyValueSpecification\",\"valueRequired\":true,\"valueName\":\"search_term_string\"}}],\"inLanguage\":\"en-US\"},{\"@type\":\"Organization\",\"@id\":\"https:\\\/\\\/lola.vueloiv.com\\\/en\\\/#organization\",\"name\":\"Lola Dom\u00e8nech architect\",\"url\":\"https:\\\/\\\/lola.vueloiv.com\\\/en\\\/\",\"logo\":{\"@type\":\"ImageObject\",\"inLanguage\":\"en-US\",\"@id\":\"https:\\\/\\\/lola.vueloiv.com\\\/en\\\/#\\\/schema\\\/logo\\\/image\\\/\",\"url\":\"https:\\\/\\\/lola.vueloiv.com\\\/wp-content\\\/uploads\\\/2026\\\/08\\\/favicon.png\",\"contentUrl\":\"https:\\\/\\\/lola.vueloiv.com\\\/wp-content\\\/uploads\\\/2026\\\/08\\\/favicon.png\",\"width\":558,\"height\":512,\"caption\":\"Lola Dom\u00e8nech architect\"},\"image\":{\"@id\":\"https:\\\/\\\/lola.vueloiv.com\\\/en\\\/#\\\/schema\\\/logo\\\/image\\\/\"}},{\"@type\":\"Person\",\"@id\":\"https:\\\/\\\/lola.vueloiv.com\\\/en\\\/#\\\/schema\\\/person\\\/bf923a760dcfaa0865d34f6042bc48d1\",\"name\":\"Lola Domenech\",\"image\":{\"@type\":\"ImageObject\",\"inLanguage\":\"en-US\",\"@id\":\"https:\\\/\\\/secure.gravatar.com\\\/avatar\\\/4ce8a0b61f985b962a54af07e2add04df5c6c5a7741e2070fcdf28588148eb1a?s=96&d=mm&r=g\",\"url\":\"https:\\\/\\\/secure.gravatar.com\\\/avatar\\\/4ce8a0b61f985b962a54af07e2add04df5c6c5a7741e2070fcdf28588148eb1a?s=96&d=mm&r=g\",\"contentUrl\":\"https:\\\/\\\/secure.gravatar.com\\\/avatar\\\/4ce8a0b61f985b962a54af07e2add04df5c6c5a7741e2070fcdf28588148eb1a?s=96&d=mm&r=g\",\"caption\":\"Lola Domenech\"},\"url\":\"https:\\\/\\\/lola.vueloiv.com\\\/en\\\/author\\\/lola\\\/\"}]}<\/script>\n<!-- \/ Yoast SEO plugin. -->","yoast_head_json":{"title":"Lola Dom\u00e8nech membre of the jury for the 2026 FAD Awards - Lola Dom\u00e8nech architect","robots":{"index":"noindex","follow":"follow","max-snippet":"max-snippet:-1","max-image-preview":"max-image-preview:large","max-video-preview":"max-video-preview:-1"},"og_locale":"en_US","og_type":"article","og_title":"Lola Dom\u00e8nech membre of the jury for the 2026 FAD Awards - Lola Dom\u00e8nech architect","og_description":"Lola Dom\u00e8nech participated as a member of the jury for the 2026 FAD Architecture and Interior Design Awards, along with Margarita Jover, Aleix Alexandre, Javier Jim\u00e9nez, Joao Paup\u00e9rio, and Carme Ribas. The awards ceremony took place on June 17th at the Disseny Hub in Barcelona. In this edition, the FAD Architecture and Interior Design Awards [&hellip;]","og_url":"https:\/\/lola.vueloiv.com\/en\/lola-domenech-membre-jury-2026-fad-awards\/","og_site_name":"Lola Dom\u00e8nech architect","article_published_time":"2026-06-22T10:32:46+00:00","article_modified_time":"2026-06-22T12:26:52+00:00","og_image":[{"width":600,"height":789,"url":"https:\/\/lola.vueloiv.com\/wp-content\/uploads\/IMG_7529-e1782125122254.jpg","type":"image\/jpeg"}],"author":"Lola Domenech","twitter_card":"summary_large_image","twitter_misc":{"Written by":"Lola Domenech","Est. reading time":"1 minute"},"schema":{"@context":"https:\/\/schema.org","@graph":[{"@type":"Article","@id":"https:\/\/lola.vueloiv.com\/en\/lola-domenech-membre-jury-2026-fad-awards\/#article","isPartOf":{"@id":"https:\/\/lola.vueloiv.com\/en\/lola-domenech-membre-jury-2026-fad-awards\/"},"author":{"name":"Lola Domenech","@id":"https:\/\/lola.vueloiv.com\/en\/#\/schema\/person\/bf923a760dcfaa0865d34f6042bc48d1"},"headline":"Lola Dom\u00e8nech membre of the jury for the 2026 FAD Awards","datePublished":"2026-06-22T10:32:46+00:00","dateModified":"2026-06-22T12:26:52+00:00","mainEntityOfPage":{"@id":"https:\/\/lola.vueloiv.com\/en\/lola-domenech-membre-jury-2026-fad-awards\/"},"wordCount":119,"commentCount":0,"publisher":{"@id":"https:\/\/lola.vueloiv.com\/en\/#organization"},"image":{"@id":"https:\/\/lola.vueloiv.com\/en\/lola-domenech-membre-jury-2026-fad-awards\/#primaryimage"},"thumbnailUrl":"https:\/\/lola.vueloiv.com\/wp-content\/uploads\/IMG_7529-e1782125122254.jpg","articleSection":["News"],"inLanguage":"en-US","potentialAction":[{"@type":"CommentAction","name":"Comment","target":["https:\/\/lola.vueloiv.com\/en\/lola-domenech-membre-jury-2026-fad-awards\/#respond"]}]},{"@type":"WebPage","@id":"https:\/\/lola.vueloiv.com\/en\/lola-domenech-membre-jury-2026-fad-awards\/","url":"https:\/\/lola.vueloiv.com\/en\/lola-domenech-membre-jury-2026-fad-awards\/","name":"Lola Dom\u00e8nech membre of the jury for the 2026 FAD Awards - Lola Dom\u00e8nech architect","isPartOf":{"@id":"https:\/\/lola.vueloiv.com\/en\/#website"},"primaryImageOfPage":{"@id":"https:\/\/lola.vueloiv.com\/en\/lola-domenech-membre-jury-2026-fad-awards\/#primaryimage"},"image":{"@id":"https:\/\/lola.vueloiv.com\/en\/lola-domenech-membre-jury-2026-fad-awards\/#primaryimage"},"thumbnailUrl":"https:\/\/lola.vueloiv.com\/wp-content\/uploads\/IMG_7529-e1782125122254.jpg","datePublished":"2026-06-22T10:32:46+00:00","dateModified":"2026-06-22T12:26:52+00:00","breadcrumb":{"@id":"https:\/\/lola.vueloiv.com\/en\/lola-domenech-membre-jury-2026-fad-awards\/#breadcrumb"},"inLanguage":"en-US","potentialAction":[{"@type":"ReadAction","target":["https:\/\/lola.vueloiv.com\/en\/lola-domenech-membre-jury-2026-fad-awards\/"]}]},{"@type":"ImageObject","inLanguage":"en-US","@id":"https:\/\/lola.vueloiv.com\/en\/lola-domenech-membre-jury-2026-fad-awards\/#primaryimage","url":"https:\/\/lola.vueloiv.com\/wp-content\/uploads\/IMG_7529-e1782125122254.jpg","contentUrl":"https:\/\/lola.vueloiv.com\/wp-content\/uploads\/IMG_7529-e1782125122254.jpg","width":600,"height":789,"caption":"Screenshot"},{"@type":"BreadcrumbList","@id":"https:\/\/lola.vueloiv.com\/en\/lola-domenech-membre-jury-2026-fad-awards\/#breadcrumb","itemListElement":[{"@type":"ListItem","position":1,"name":"Home","item":"https:\/\/lola.vueloiv.com\/en\/"},{"@type":"ListItem","position":2,"name":"Lola Dom\u00e8nech membre of the jury for the 2026 FAD Awards"}]},{"@type":"WebSite","@id":"https:\/\/lola.vueloiv.com\/en\/#website","url":"https:\/\/lola.vueloiv.com\/en\/","name":"Lola Dom\u00e8nech architect","description":"","publisher":{"@id":"https:\/\/lola.vueloiv.com\/en\/#organization"},"potentialAction":[{"@type":"SearchAction","target":{"@type":"EntryPoint","urlTemplate":"https:\/\/lola.vueloiv.com\/en\/?s={search_term_string}"},"query-input":{"@type":"PropertyValueSpecification","valueRequired":true,"valueName":"search_term_string"}}],"inLanguage":"en-US"},{"@type":"Organization","@id":"https:\/\/lola.vueloiv.com\/en\/#organization","name":"Lola Dom\u00e8nech architect","url":"https:\/\/lola.vueloiv.com\/en\/","logo":{"@type":"ImageObject","inLanguage":"en-US","@id":"https:\/\/lola.vueloiv.com\/en\/#\/schema\/logo\/image\/","url":"https:\/\/lola.vueloiv.com\/wp-content\/uploads\/2026\/08\/favicon.png","contentUrl":"https:\/\/lola.vueloiv.com\/wp-content\/uploads\/2026\/08\/favicon.png","width":558,"height":512,"caption":"Lola Dom\u00e8nech architect"},"image":{"@id":"https:\/\/lola.vueloiv.com\/en\/#\/schema\/logo\/image\/"}},{"@type":"Person","@id":"https:\/\/lola.vueloiv.com\/en\/#\/schema\/person\/bf923a760dcfaa0865d34f6042bc48d1","name":"Lola Domenech","image":{"@type":"ImageObject","inLanguage":"en-US","@id":"https:\/\/secure.gravatar.com\/avatar\/4ce8a0b61f985b962a54af07e2add04df5c6c5a7741e2070fcdf28588148eb1a?s=96&d=mm&r=g","url":"https:\/\/secure.gravatar.com\/avatar\/4ce8a0b61f985b962a54af07e2add04df5c6c5a7741e2070fcdf28588148eb1a?s=96&d=mm&r=g","contentUrl":"https:\/\/secure.gravatar.com\/avatar\/4ce8a0b61f985b962a54af07e2add04df5c6c5a7741e2070fcdf28588148eb1a?s=96&d=mm&r=g","caption":"Lola Domenech"},"url":"https:\/\/lola.vueloiv.com\/en\/author\/lola\/"}]}},"_links":{"self":[{"href":"https:\/\/lola.vueloiv.com\/en\/wp-json\/wp\/v2\/posts\/6521","targetHints":{"allow":["GET"]}}],"collection":[{"href":"https:\/\/lola.vueloiv.com\/en\/wp-json\/wp\/v2\/posts"}],"about":[{"href":"https:\/\/lola.vueloiv.com\/en\/wp-json\/wp\/v2\/types\/post"}],"author":[{"embeddable":true,"href":"https:\/\/lola.vueloiv.com\/en\/wp-json\/wp\/v2\/users\/2"}],"replies":[{"embeddable":true,"href":"https:\/\/lola.vueloiv.com\/en\/wp-json\/wp\/v2\/comments?post=6521"}],"version-history":[{"count":1,"href":"https:\/\/lola.vueloiv.com\/en\/wp-json\/wp\/v2\/posts\/6521\/revisions"}],"predecessor-version":[{"id":6990,"href":"https:\/\/lola.vueloiv.com\/en\/wp-json\/wp\/v2\/posts\/6521\/revisions\/6990"}],"wp:featuredmedia":[{"embeddable":true,"href":"https:\/\/lola.vueloiv.com\/en\/wp-json\/wp\/v2\/media\/6523"}],"wp:attachment":[{"href":"https:\/\/lola.vueloiv.com\/en\/wp-json\/wp\/v2\/media?parent=6521"}],"wp:term":[{"taxonomy":"category","embeddable":true,"href":"https:\/\/lola.vueloiv.com\/en\/wp-json\/wp\/v2\/categories?post=6521"},{"taxonomy":"post_tag","embeddable":true,"href":"https:\/\/lola.vueloiv.com\/en\/wp-json\/wp\/v2\/tags?post=6521"}],"curies":[{"name":"wp","href":"https:\/\/api.w.org\/{rel}","templated":true}]}}