{"id":5087,"date":"2022-01-19T13:25:18","date_gmt":"2022-01-19T12:25:18","guid":{"rendered":"https:\/\/www.loladomenech.com\/concurs-del-jardi-dels-jesuites_segon-premi\/"},"modified":"2022-01-19T13:40:10","modified_gmt":"2022-01-19T12:40:10","slug":"concurs-del-jardi-dels-jesuites_segon-premi","status":"publish","type":"post","link":"https:\/\/lola.vueloiv.com\/en\/concurs-del-jardi-dels-jesuites_segon-premi\/","title":{"rendered":"jard\u00ed dels jesu\u00eftes contest_second prize"},"content":{"rendered":"<p>The jury of the Jardin de los Jesuitas contest values the recreation that the project makes of the Valencian garden and the ditches. The minutes of the jury emphasize that it is the most horticultural proposal of all those presented.<\/p>\n<p>The proposal evokes the elements of the Huerta de Valencia: The hydrological structure, the paths and the crops. A garden is designed with a playful, contemplative and informative character, which values water and the territory. It is an urban, healthy, inclusive and accessible green space for all people. Solar de los Jesuitas is rescued from oblivion and speculative trauma, converted into a new exemplary model of neighborhood claim and urban reconversion: A new green space complementary to the Botanical Garden and the Garden of the Hesperides. The evolution of crops and fruit trees in the orchard is explained in three main stages: Andalusian, medieval and contemporary. (January 2022)<\/p>\n","protected":false},"excerpt":{"rendered":"<p>The jury of the Jardin de los Jesuitas contest values the recreation that the project makes of the Valencian garden and the ditches. The minutes of the jury emphasize that it is the most horticultural proposal of all those presented (january 2022)\u00a0<\/p>\n","protected":false},"author":2,"featured_media":5084,"comment_status":"open","ping_status":"open","sticky":false,"template":"","format":"standard","meta":{"_acf_changed":false,"footnotes":""},"categories":[1],"tags":[],"class_list":["post-5087","post","type-post","status-publish","format-standard","has-post-thumbnail","hentry","category-news"],"acf":[],"yoast_head":"<!-- This site is optimized with the Yoast SEO plugin v28.3 - https:\/\/yoast.com\/product\/yoast-seo-wordpress\/ -->\n<title>jard\u00ed dels jesu\u00eftes contest_second prize - Lola Dom\u00e8nech architect<\/title>\n<meta name=\"robots\" content=\"noindex, follow, max-snippet:-1, max-image-preview:large, max-video-preview:-1\" \/>\n<meta property=\"og:locale\" content=\"en_US\" \/>\n<meta property=\"og:type\" content=\"article\" \/>\n<meta property=\"og:title\" content=\"jard\u00ed dels jesu\u00eftes contest_second prize - Lola Dom\u00e8nech architect\" \/>\n<meta property=\"og:description\" content=\"The jury of the Jardin de los Jesuitas contest values the recreation that the project makes of the Valencian garden and the ditches. The minutes of the jury emphasize that it is the most horticultural proposal of all those presented (january 2022)\u00a0\" \/>\n<meta property=\"og:url\" content=\"https:\/\/lola.vueloiv.com\/en\/concurs-del-jardi-dels-jesuites_segon-premi\/\" \/>\n<meta property=\"og:site_name\" content=\"Lola Dom\u00e8nech architect\" \/>\n<meta property=\"article:published_time\" content=\"2022-01-19T12:25:18+00:00\" \/>\n<meta property=\"article:modified_time\" content=\"2022-01-19T12:40:10+00:00\" \/>\n<meta property=\"og:image\" content=\"https:\/\/lola.vueloiv.com\/wp-content\/uploads\/01-1.jpg\" \/>\n\t<meta property=\"og:image:width\" content=\"2320\" \/>\n\t<meta property=\"og:image:height\" content=\"1160\" \/>\n\t<meta property=\"og:image:type\" content=\"image\/jpeg\" \/>\n<meta name=\"author\" content=\"Lola Domenech\" \/>\n<meta name=\"twitter:card\" content=\"summary_large_image\" \/>\n<meta name=\"twitter:label1\" content=\"Written by\" \/>\n\t<meta name=\"twitter:data1\" content=\"Lola Domenech\" \/>\n\t<meta name=\"twitter:label2\" content=\"Est. reading time\" \/>\n\t<meta name=\"twitter:data2\" content=\"1 minute\" \/>\n<script type=\"application\/ld+json\" class=\"yoast-schema-graph\">{\"@context\":\"https:\\\/\\\/schema.org\",\"@graph\":[{\"@type\":\"Article\",\"@id\":\"https:\\\/\\\/lola.vueloiv.com\\\/en\\\/concurs-del-jardi-dels-jesuites_segon-premi\\\/#article\",\"isPartOf\":{\"@id\":\"https:\\\/\\\/lola.vueloiv.com\\\/en\\\/concurs-del-jardi-dels-jesuites_segon-premi\\\/\"},\"author\":{\"name\":\"Lola Domenech\",\"@id\":\"https:\\\/\\\/lola.vueloiv.com\\\/en\\\/#\\\/schema\\\/person\\\/bf923a760dcfaa0865d34f6042bc48d1\"},\"headline\":\"jard\u00ed dels jesu\u00eftes contest_second prize\",\"datePublished\":\"2022-01-19T12:25:18+00:00\",\"dateModified\":\"2022-01-19T12:40:10+00:00\",\"mainEntityOfPage\":{\"@id\":\"https:\\\/\\\/lola.vueloiv.com\\\/en\\\/concurs-del-jardi-dels-jesuites_segon-premi\\\/\"},\"wordCount\":154,\"commentCount\":0,\"publisher\":{\"@id\":\"https:\\\/\\\/lola.vueloiv.com\\\/en\\\/#organization\"},\"image\":{\"@id\":\"https:\\\/\\\/lola.vueloiv.com\\\/en\\\/concurs-del-jardi-dels-jesuites_segon-premi\\\/#primaryimage\"},\"thumbnailUrl\":\"https:\\\/\\\/lola.vueloiv.com\\\/wp-content\\\/uploads\\\/01-1.jpg\",\"articleSection\":[\"News\"],\"inLanguage\":\"en-US\",\"potentialAction\":[{\"@type\":\"CommentAction\",\"name\":\"Comment\",\"target\":[\"https:\\\/\\\/lola.vueloiv.com\\\/en\\\/concurs-del-jardi-dels-jesuites_segon-premi\\\/#respond\"]}]},{\"@type\":\"WebPage\",\"@id\":\"https:\\\/\\\/lola.vueloiv.com\\\/en\\\/concurs-del-jardi-dels-jesuites_segon-premi\\\/\",\"url\":\"https:\\\/\\\/lola.vueloiv.com\\\/en\\\/concurs-del-jardi-dels-jesuites_segon-premi\\\/\",\"name\":\"jard\u00ed dels jesu\u00eftes contest_second prize - Lola Dom\u00e8nech architect\",\"isPartOf\":{\"@id\":\"https:\\\/\\\/lola.vueloiv.com\\\/en\\\/#website\"},\"primaryImageOfPage\":{\"@id\":\"https:\\\/\\\/lola.vueloiv.com\\\/en\\\/concurs-del-jardi-dels-jesuites_segon-premi\\\/#primaryimage\"},\"image\":{\"@id\":\"https:\\\/\\\/lola.vueloiv.com\\\/en\\\/concurs-del-jardi-dels-jesuites_segon-premi\\\/#primaryimage\"},\"thumbnailUrl\":\"https:\\\/\\\/lola.vueloiv.com\\\/wp-content\\\/uploads\\\/01-1.jpg\",\"datePublished\":\"2022-01-19T12:25:18+00:00\",\"dateModified\":\"2022-01-19T12:40:10+00:00\",\"breadcrumb\":{\"@id\":\"https:\\\/\\\/lola.vueloiv.com\\\/en\\\/concurs-del-jardi-dels-jesuites_segon-premi\\\/#breadcrumb\"},\"inLanguage\":\"en-US\",\"potentialAction\":[{\"@type\":\"ReadAction\",\"target\":[\"https:\\\/\\\/lola.vueloiv.com\\\/en\\\/concurs-del-jardi-dels-jesuites_segon-premi\\\/\"]}]},{\"@type\":\"ImageObject\",\"inLanguage\":\"en-US\",\"@id\":\"https:\\\/\\\/lola.vueloiv.com\\\/en\\\/concurs-del-jardi-dels-jesuites_segon-premi\\\/#primaryimage\",\"url\":\"https:\\\/\\\/lola.vueloiv.com\\\/wp-content\\\/uploads\\\/01-1.jpg\",\"contentUrl\":\"https:\\\/\\\/lola.vueloiv.com\\\/wp-content\\\/uploads\\\/01-1.jpg\",\"width\":2320,\"height\":1160},{\"@type\":\"BreadcrumbList\",\"@id\":\"https:\\\/\\\/lola.vueloiv.com\\\/en\\\/concurs-del-jardi-dels-jesuites_segon-premi\\\/#breadcrumb\",\"itemListElement\":[{\"@type\":\"ListItem\",\"position\":1,\"name\":\"Home\",\"item\":\"https:\\\/\\\/lola.vueloiv.com\\\/en\\\/\"},{\"@type\":\"ListItem\",\"position\":2,\"name\":\"jard\u00ed dels jesu\u00eftes contest_second prize\"}]},{\"@type\":\"WebSite\",\"@id\":\"https:\\\/\\\/lola.vueloiv.com\\\/en\\\/#website\",\"url\":\"https:\\\/\\\/lola.vueloiv.com\\\/en\\\/\",\"name\":\"Lola Dom\u00e8nech architect\",\"description\":\"\",\"publisher\":{\"@id\":\"https:\\\/\\\/lola.vueloiv.com\\\/en\\\/#organization\"},\"potentialAction\":[{\"@type\":\"SearchAction\",\"target\":{\"@type\":\"EntryPoint\",\"urlTemplate\":\"https:\\\/\\\/lola.vueloiv.com\\\/en\\\/?s={search_term_string}\"},\"query-input\":{\"@type\":\"PropertyValueSpecification\",\"valueRequired\":true,\"valueName\":\"search_term_string\"}}],\"inLanguage\":\"en-US\"},{\"@type\":\"Organization\",\"@id\":\"https:\\\/\\\/lola.vueloiv.com\\\/en\\\/#organization\",\"name\":\"Lola Dom\u00e8nech architect\",\"url\":\"https:\\\/\\\/lola.vueloiv.com\\\/en\\\/\",\"logo\":{\"@type\":\"ImageObject\",\"inLanguage\":\"en-US\",\"@id\":\"https:\\\/\\\/lola.vueloiv.com\\\/en\\\/#\\\/schema\\\/logo\\\/image\\\/\",\"url\":\"https:\\\/\\\/lola.vueloiv.com\\\/wp-content\\\/uploads\\\/2026\\\/08\\\/favicon.png\",\"contentUrl\":\"https:\\\/\\\/lola.vueloiv.com\\\/wp-content\\\/uploads\\\/2026\\\/08\\\/favicon.png\",\"width\":558,\"height\":512,\"caption\":\"Lola Dom\u00e8nech architect\"},\"image\":{\"@id\":\"https:\\\/\\\/lola.vueloiv.com\\\/en\\\/#\\\/schema\\\/logo\\\/image\\\/\"}},{\"@type\":\"Person\",\"@id\":\"https:\\\/\\\/lola.vueloiv.com\\\/en\\\/#\\\/schema\\\/person\\\/bf923a760dcfaa0865d34f6042bc48d1\",\"name\":\"Lola Domenech\",\"image\":{\"@type\":\"ImageObject\",\"inLanguage\":\"en-US\",\"@id\":\"https:\\\/\\\/secure.gravatar.com\\\/avatar\\\/4ce8a0b61f985b962a54af07e2add04df5c6c5a7741e2070fcdf28588148eb1a?s=96&d=mm&r=g\",\"url\":\"https:\\\/\\\/secure.gravatar.com\\\/avatar\\\/4ce8a0b61f985b962a54af07e2add04df5c6c5a7741e2070fcdf28588148eb1a?s=96&d=mm&r=g\",\"contentUrl\":\"https:\\\/\\\/secure.gravatar.com\\\/avatar\\\/4ce8a0b61f985b962a54af07e2add04df5c6c5a7741e2070fcdf28588148eb1a?s=96&d=mm&r=g\",\"caption\":\"Lola Domenech\"},\"url\":\"https:\\\/\\\/lola.vueloiv.com\\\/en\\\/author\\\/lola\\\/\"}]}<\/script>\n<!-- \/ Yoast SEO plugin. -->","yoast_head_json":{"title":"jard\u00ed dels jesu\u00eftes contest_second prize - Lola Dom\u00e8nech architect","robots":{"index":"noindex","follow":"follow","max-snippet":"max-snippet:-1","max-image-preview":"max-image-preview:large","max-video-preview":"max-video-preview:-1"},"og_locale":"en_US","og_type":"article","og_title":"jard\u00ed dels jesu\u00eftes contest_second prize - Lola Dom\u00e8nech architect","og_description":"The jury of the Jardin de los Jesuitas contest values the recreation that the project makes of the Valencian garden and the ditches. The minutes of the jury emphasize that it is the most horticultural proposal of all those presented (january 2022)\u00a0","og_url":"https:\/\/lola.vueloiv.com\/en\/concurs-del-jardi-dels-jesuites_segon-premi\/","og_site_name":"Lola Dom\u00e8nech architect","article_published_time":"2022-01-19T12:25:18+00:00","article_modified_time":"2022-01-19T12:40:10+00:00","og_image":[{"width":2320,"height":1160,"url":"https:\/\/lola.vueloiv.com\/wp-content\/uploads\/01-1.jpg","type":"image\/jpeg"}],"author":"Lola Domenech","twitter_card":"summary_large_image","twitter_misc":{"Written by":"Lola Domenech","Est. reading time":"1 minute"},"schema":{"@context":"https:\/\/schema.org","@graph":[{"@type":"Article","@id":"https:\/\/lola.vueloiv.com\/en\/concurs-del-jardi-dels-jesuites_segon-premi\/#article","isPartOf":{"@id":"https:\/\/lola.vueloiv.com\/en\/concurs-del-jardi-dels-jesuites_segon-premi\/"},"author":{"name":"Lola Domenech","@id":"https:\/\/lola.vueloiv.com\/en\/#\/schema\/person\/bf923a760dcfaa0865d34f6042bc48d1"},"headline":"jard\u00ed dels jesu\u00eftes contest_second prize","datePublished":"2022-01-19T12:25:18+00:00","dateModified":"2022-01-19T12:40:10+00:00","mainEntityOfPage":{"@id":"https:\/\/lola.vueloiv.com\/en\/concurs-del-jardi-dels-jesuites_segon-premi\/"},"wordCount":154,"commentCount":0,"publisher":{"@id":"https:\/\/lola.vueloiv.com\/en\/#organization"},"image":{"@id":"https:\/\/lola.vueloiv.com\/en\/concurs-del-jardi-dels-jesuites_segon-premi\/#primaryimage"},"thumbnailUrl":"https:\/\/lola.vueloiv.com\/wp-content\/uploads\/01-1.jpg","articleSection":["News"],"inLanguage":"en-US","potentialAction":[{"@type":"CommentAction","name":"Comment","target":["https:\/\/lola.vueloiv.com\/en\/concurs-del-jardi-dels-jesuites_segon-premi\/#respond"]}]},{"@type":"WebPage","@id":"https:\/\/lola.vueloiv.com\/en\/concurs-del-jardi-dels-jesuites_segon-premi\/","url":"https:\/\/lola.vueloiv.com\/en\/concurs-del-jardi-dels-jesuites_segon-premi\/","name":"jard\u00ed dels jesu\u00eftes contest_second prize - Lola Dom\u00e8nech architect","isPartOf":{"@id":"https:\/\/lola.vueloiv.com\/en\/#website"},"primaryImageOfPage":{"@id":"https:\/\/lola.vueloiv.com\/en\/concurs-del-jardi-dels-jesuites_segon-premi\/#primaryimage"},"image":{"@id":"https:\/\/lola.vueloiv.com\/en\/concurs-del-jardi-dels-jesuites_segon-premi\/#primaryimage"},"thumbnailUrl":"https:\/\/lola.vueloiv.com\/wp-content\/uploads\/01-1.jpg","datePublished":"2022-01-19T12:25:18+00:00","dateModified":"2022-01-19T12:40:10+00:00","breadcrumb":{"@id":"https:\/\/lola.vueloiv.com\/en\/concurs-del-jardi-dels-jesuites_segon-premi\/#breadcrumb"},"inLanguage":"en-US","potentialAction":[{"@type":"ReadAction","target":["https:\/\/lola.vueloiv.com\/en\/concurs-del-jardi-dels-jesuites_segon-premi\/"]}]},{"@type":"ImageObject","inLanguage":"en-US","@id":"https:\/\/lola.vueloiv.com\/en\/concurs-del-jardi-dels-jesuites_segon-premi\/#primaryimage","url":"https:\/\/lola.vueloiv.com\/wp-content\/uploads\/01-1.jpg","contentUrl":"https:\/\/lola.vueloiv.com\/wp-content\/uploads\/01-1.jpg","width":2320,"height":1160},{"@type":"BreadcrumbList","@id":"https:\/\/lola.vueloiv.com\/en\/concurs-del-jardi-dels-jesuites_segon-premi\/#breadcrumb","itemListElement":[{"@type":"ListItem","position":1,"name":"Home","item":"https:\/\/lola.vueloiv.com\/en\/"},{"@type":"ListItem","position":2,"name":"jard\u00ed dels jesu\u00eftes contest_second prize"}]},{"@type":"WebSite","@id":"https:\/\/lola.vueloiv.com\/en\/#website","url":"https:\/\/lola.vueloiv.com\/en\/","name":"Lola Dom\u00e8nech architect","description":"","publisher":{"@id":"https:\/\/lola.vueloiv.com\/en\/#organization"},"potentialAction":[{"@type":"SearchAction","target":{"@type":"EntryPoint","urlTemplate":"https:\/\/lola.vueloiv.com\/en\/?s={search_term_string}"},"query-input":{"@type":"PropertyValueSpecification","valueRequired":true,"valueName":"search_term_string"}}],"inLanguage":"en-US"},{"@type":"Organization","@id":"https:\/\/lola.vueloiv.com\/en\/#organization","name":"Lola Dom\u00e8nech architect","url":"https:\/\/lola.vueloiv.com\/en\/","logo":{"@type":"ImageObject","inLanguage":"en-US","@id":"https:\/\/lola.vueloiv.com\/en\/#\/schema\/logo\/image\/","url":"https:\/\/lola.vueloiv.com\/wp-content\/uploads\/2026\/08\/favicon.png","contentUrl":"https:\/\/lola.vueloiv.com\/wp-content\/uploads\/2026\/08\/favicon.png","width":558,"height":512,"caption":"Lola Dom\u00e8nech architect"},"image":{"@id":"https:\/\/lola.vueloiv.com\/en\/#\/schema\/logo\/image\/"}},{"@type":"Person","@id":"https:\/\/lola.vueloiv.com\/en\/#\/schema\/person\/bf923a760dcfaa0865d34f6042bc48d1","name":"Lola Domenech","image":{"@type":"ImageObject","inLanguage":"en-US","@id":"https:\/\/secure.gravatar.com\/avatar\/4ce8a0b61f985b962a54af07e2add04df5c6c5a7741e2070fcdf28588148eb1a?s=96&d=mm&r=g","url":"https:\/\/secure.gravatar.com\/avatar\/4ce8a0b61f985b962a54af07e2add04df5c6c5a7741e2070fcdf28588148eb1a?s=96&d=mm&r=g","contentUrl":"https:\/\/secure.gravatar.com\/avatar\/4ce8a0b61f985b962a54af07e2add04df5c6c5a7741e2070fcdf28588148eb1a?s=96&d=mm&r=g","caption":"Lola Domenech"},"url":"https:\/\/lola.vueloiv.com\/en\/author\/lola\/"}]}},"_links":{"self":[{"href":"https:\/\/lola.vueloiv.com\/en\/wp-json\/wp\/v2\/posts\/5087","targetHints":{"allow":["GET"]}}],"collection":[{"href":"https:\/\/lola.vueloiv.com\/en\/wp-json\/wp\/v2\/posts"}],"about":[{"href":"https:\/\/lola.vueloiv.com\/en\/wp-json\/wp\/v2\/types\/post"}],"author":[{"embeddable":true,"href":"https:\/\/lola.vueloiv.com\/en\/wp-json\/wp\/v2\/users\/2"}],"replies":[{"embeddable":true,"href":"https:\/\/lola.vueloiv.com\/en\/wp-json\/wp\/v2\/comments?post=5087"}],"version-history":[{"count":0,"href":"https:\/\/lola.vueloiv.com\/en\/wp-json\/wp\/v2\/posts\/5087\/revisions"}],"wp:featuredmedia":[{"embeddable":true,"href":"https:\/\/lola.vueloiv.com\/en\/wp-json\/wp\/v2\/media\/5084"}],"wp:attachment":[{"href":"https:\/\/lola.vueloiv.com\/en\/wp-json\/wp\/v2\/media?parent=5087"}],"wp:term":[{"taxonomy":"category","embeddable":true,"href":"https:\/\/lola.vueloiv.com\/en\/wp-json\/wp\/v2\/categories?post=5087"},{"taxonomy":"post_tag","embeddable":true,"href":"https:\/\/lola.vueloiv.com\/en\/wp-json\/wp\/v2\/tags?post=5087"}],"curies":[{"name":"wp","href":"https:\/\/api.w.org\/{rel}","templated":true}]}}