{"id":3630,"date":"2019-04-30T13:47:26","date_gmt":"2019-04-30T12:47:26","guid":{"rendered":"https:\/\/www.loladomenech.com\/?p=3630\/"},"modified":"2019-06-18T10:27:35","modified_gmt":"2019-06-18T09:27:35","slug":"inauguration-memorial-rambles-2019","status":"publish","type":"post","link":"https:\/\/lola.vueloiv.com\/en\/inauguration-memorial-rambles-2019\/","title":{"rendered":"Inauguration Memorial Rambles 2019"},"content":{"rendered":"<p>El 04 de marzo de 2019 se inaugura el Memorial Ramblas en recuerdo a las v\u00edctimas del atentado de 17 de agosto de 2017. Se ha entender el memorial como un homenaje\u00a0 a la paz, la cultura i la diversidad, que tiene como objetivo fomentar la solidaridad ente las personas.<br \/>\nEl elemento recordatorio consiste en una inscripci\u00f3n en fundici\u00f3n de bronce de 12m de longitud i 0,20m de ancho situada en el Pla de l\u2019\u00d3s, pr\u00f3ximo al mosaico Mir\u00f3, con el siguiente contenido:<\/p>\n<p>&nbsp;<\/p>\n<p>-Fecha y hora del atentado: 17\/08\/2017-16:50h.<br \/>\n-Grafismo \u201cBarcelona\u201d de Frederic Amat, realizado con motivo del atentado i cedido a la ciudad.<br \/>\n-Texto seleccionado, en el idioma original (\u00e1rabe), extra\u00eddo de los escritos que los ciudadanos han dejado en el local despu\u00e9s de los hechos.<br \/>\n-Traducciones al catal\u00e1n, castellano e ingl\u00e9s.<br \/>\nQue la pau et cobreixi, oh ciutat de pau \/ Que la paz te cubra, oh ciudad de paz \/ Peace come upon you, oh city of peace.<\/p>\n","protected":false},"excerpt":{"rendered":"<p>El 04 de marzo de 2019 se inaugura el Memorial Ramblas en recuerdo a las v\u00edctimas del atentado de 17 de agosto de 2017<\/p>\n","protected":false},"author":2,"featured_media":3631,"comment_status":"open","ping_status":"open","sticky":false,"template":"","format":"standard","meta":{"_acf_changed":false,"footnotes":""},"categories":[1],"tags":[],"class_list":["post-3630","post","type-post","status-publish","format-standard","has-post-thumbnail","hentry","category-news"],"acf":[],"yoast_head":"<!-- This site is optimized with the Yoast SEO plugin v28.3 - https:\/\/yoast.com\/product\/yoast-seo-wordpress\/ -->\n<title>Inauguration Memorial Rambles 2019 - Lola Dom\u00e8nech architect<\/title>\n<meta name=\"robots\" content=\"noindex, follow, max-snippet:-1, max-image-preview:large, max-video-preview:-1\" \/>\n<meta property=\"og:locale\" content=\"en_US\" \/>\n<meta property=\"og:type\" content=\"article\" \/>\n<meta property=\"og:title\" content=\"Inauguration Memorial Rambles 2019 - Lola Dom\u00e8nech architect\" \/>\n<meta property=\"og:description\" content=\"El 04 de marzo de 2019 se inaugura el Memorial Ramblas en recuerdo a las v\u00edctimas del atentado de 17 de agosto de 2017\" \/>\n<meta property=\"og:url\" content=\"https:\/\/lola.vueloiv.com\/en\/inauguration-memorial-rambles-2019\/\" \/>\n<meta property=\"og:site_name\" content=\"Lola Dom\u00e8nech architect\" \/>\n<meta property=\"article:published_time\" content=\"2019-04-30T12:47:26+00:00\" \/>\n<meta property=\"article:modified_time\" content=\"2019-06-18T09:27:35+00:00\" \/>\n<meta property=\"og:image\" content=\"https:\/\/lola.vueloiv.com\/wp-content\/uploads\/MR_01.jpg\" \/>\n\t<meta property=\"og:image:width\" content=\"870\" \/>\n\t<meta property=\"og:image:height\" content=\"1160\" \/>\n\t<meta property=\"og:image:type\" content=\"image\/jpeg\" \/>\n<meta name=\"author\" content=\"Lola Domenech\" \/>\n<meta name=\"twitter:card\" content=\"summary_large_image\" \/>\n<meta name=\"twitter:label1\" content=\"Written by\" \/>\n\t<meta name=\"twitter:data1\" content=\"Lola Domenech\" \/>\n\t<meta name=\"twitter:label2\" content=\"Est. reading time\" \/>\n\t<meta name=\"twitter:data2\" content=\"1 minute\" \/>\n<script type=\"application\/ld+json\" class=\"yoast-schema-graph\">{\"@context\":\"https:\\\/\\\/schema.org\",\"@graph\":[{\"@type\":\"Article\",\"@id\":\"https:\\\/\\\/lola.vueloiv.com\\\/en\\\/inauguration-memorial-rambles-2019\\\/#article\",\"isPartOf\":{\"@id\":\"https:\\\/\\\/lola.vueloiv.com\\\/en\\\/inauguration-memorial-rambles-2019\\\/\"},\"author\":{\"name\":\"Lola Domenech\",\"@id\":\"https:\\\/\\\/lola.vueloiv.com\\\/en\\\/#\\\/schema\\\/person\\\/bf923a760dcfaa0865d34f6042bc48d1\"},\"headline\":\"Inauguration Memorial Rambles 2019\",\"datePublished\":\"2019-04-30T12:47:26+00:00\",\"dateModified\":\"2019-06-18T09:27:35+00:00\",\"mainEntityOfPage\":{\"@id\":\"https:\\\/\\\/lola.vueloiv.com\\\/en\\\/inauguration-memorial-rambles-2019\\\/\"},\"wordCount\":169,\"commentCount\":0,\"publisher\":{\"@id\":\"https:\\\/\\\/lola.vueloiv.com\\\/en\\\/#organization\"},\"image\":{\"@id\":\"https:\\\/\\\/lola.vueloiv.com\\\/en\\\/inauguration-memorial-rambles-2019\\\/#primaryimage\"},\"thumbnailUrl\":\"https:\\\/\\\/lola.vueloiv.com\\\/wp-content\\\/uploads\\\/MR_01.jpg\",\"articleSection\":[\"News\"],\"inLanguage\":\"en-US\",\"potentialAction\":[{\"@type\":\"CommentAction\",\"name\":\"Comment\",\"target\":[\"https:\\\/\\\/lola.vueloiv.com\\\/en\\\/inauguration-memorial-rambles-2019\\\/#respond\"]}]},{\"@type\":\"WebPage\",\"@id\":\"https:\\\/\\\/lola.vueloiv.com\\\/en\\\/inauguration-memorial-rambles-2019\\\/\",\"url\":\"https:\\\/\\\/lola.vueloiv.com\\\/en\\\/inauguration-memorial-rambles-2019\\\/\",\"name\":\"Inauguration Memorial Rambles 2019 - Lola Dom\u00e8nech architect\",\"isPartOf\":{\"@id\":\"https:\\\/\\\/lola.vueloiv.com\\\/en\\\/#website\"},\"primaryImageOfPage\":{\"@id\":\"https:\\\/\\\/lola.vueloiv.com\\\/en\\\/inauguration-memorial-rambles-2019\\\/#primaryimage\"},\"image\":{\"@id\":\"https:\\\/\\\/lola.vueloiv.com\\\/en\\\/inauguration-memorial-rambles-2019\\\/#primaryimage\"},\"thumbnailUrl\":\"https:\\\/\\\/lola.vueloiv.com\\\/wp-content\\\/uploads\\\/MR_01.jpg\",\"datePublished\":\"2019-04-30T12:47:26+00:00\",\"dateModified\":\"2019-06-18T09:27:35+00:00\",\"breadcrumb\":{\"@id\":\"https:\\\/\\\/lola.vueloiv.com\\\/en\\\/inauguration-memorial-rambles-2019\\\/#breadcrumb\"},\"inLanguage\":\"en-US\",\"potentialAction\":[{\"@type\":\"ReadAction\",\"target\":[\"https:\\\/\\\/lola.vueloiv.com\\\/en\\\/inauguration-memorial-rambles-2019\\\/\"]}]},{\"@type\":\"ImageObject\",\"inLanguage\":\"en-US\",\"@id\":\"https:\\\/\\\/lola.vueloiv.com\\\/en\\\/inauguration-memorial-rambles-2019\\\/#primaryimage\",\"url\":\"https:\\\/\\\/lola.vueloiv.com\\\/wp-content\\\/uploads\\\/MR_01.jpg\",\"contentUrl\":\"https:\\\/\\\/lola.vueloiv.com\\\/wp-content\\\/uploads\\\/MR_01.jpg\",\"width\":870,\"height\":1160},{\"@type\":\"BreadcrumbList\",\"@id\":\"https:\\\/\\\/lola.vueloiv.com\\\/en\\\/inauguration-memorial-rambles-2019\\\/#breadcrumb\",\"itemListElement\":[{\"@type\":\"ListItem\",\"position\":1,\"name\":\"Home\",\"item\":\"https:\\\/\\\/lola.vueloiv.com\\\/en\\\/\"},{\"@type\":\"ListItem\",\"position\":2,\"name\":\"Inauguration Memorial Rambles 2019\"}]},{\"@type\":\"WebSite\",\"@id\":\"https:\\\/\\\/lola.vueloiv.com\\\/en\\\/#website\",\"url\":\"https:\\\/\\\/lola.vueloiv.com\\\/en\\\/\",\"name\":\"Lola Dom\u00e8nech architect\",\"description\":\"\",\"publisher\":{\"@id\":\"https:\\\/\\\/lola.vueloiv.com\\\/en\\\/#organization\"},\"potentialAction\":[{\"@type\":\"SearchAction\",\"target\":{\"@type\":\"EntryPoint\",\"urlTemplate\":\"https:\\\/\\\/lola.vueloiv.com\\\/en\\\/?s={search_term_string}\"},\"query-input\":{\"@type\":\"PropertyValueSpecification\",\"valueRequired\":true,\"valueName\":\"search_term_string\"}}],\"inLanguage\":\"en-US\"},{\"@type\":\"Organization\",\"@id\":\"https:\\\/\\\/lola.vueloiv.com\\\/en\\\/#organization\",\"name\":\"Lola Dom\u00e8nech architect\",\"url\":\"https:\\\/\\\/lola.vueloiv.com\\\/en\\\/\",\"logo\":{\"@type\":\"ImageObject\",\"inLanguage\":\"en-US\",\"@id\":\"https:\\\/\\\/lola.vueloiv.com\\\/en\\\/#\\\/schema\\\/logo\\\/image\\\/\",\"url\":\"https:\\\/\\\/lola.vueloiv.com\\\/wp-content\\\/uploads\\\/2026\\\/08\\\/favicon.png\",\"contentUrl\":\"https:\\\/\\\/lola.vueloiv.com\\\/wp-content\\\/uploads\\\/2026\\\/08\\\/favicon.png\",\"width\":558,\"height\":512,\"caption\":\"Lola Dom\u00e8nech architect\"},\"image\":{\"@id\":\"https:\\\/\\\/lola.vueloiv.com\\\/en\\\/#\\\/schema\\\/logo\\\/image\\\/\"}},{\"@type\":\"Person\",\"@id\":\"https:\\\/\\\/lola.vueloiv.com\\\/en\\\/#\\\/schema\\\/person\\\/bf923a760dcfaa0865d34f6042bc48d1\",\"name\":\"Lola Domenech\",\"image\":{\"@type\":\"ImageObject\",\"inLanguage\":\"en-US\",\"@id\":\"https:\\\/\\\/secure.gravatar.com\\\/avatar\\\/4ce8a0b61f985b962a54af07e2add04df5c6c5a7741e2070fcdf28588148eb1a?s=96&d=mm&r=g\",\"url\":\"https:\\\/\\\/secure.gravatar.com\\\/avatar\\\/4ce8a0b61f985b962a54af07e2add04df5c6c5a7741e2070fcdf28588148eb1a?s=96&d=mm&r=g\",\"contentUrl\":\"https:\\\/\\\/secure.gravatar.com\\\/avatar\\\/4ce8a0b61f985b962a54af07e2add04df5c6c5a7741e2070fcdf28588148eb1a?s=96&d=mm&r=g\",\"caption\":\"Lola Domenech\"},\"url\":\"https:\\\/\\\/lola.vueloiv.com\\\/en\\\/author\\\/lola\\\/\"}]}<\/script>\n<!-- \/ Yoast SEO plugin. -->","yoast_head_json":{"title":"Inauguration Memorial Rambles 2019 - Lola Dom\u00e8nech architect","robots":{"index":"noindex","follow":"follow","max-snippet":"max-snippet:-1","max-image-preview":"max-image-preview:large","max-video-preview":"max-video-preview:-1"},"og_locale":"en_US","og_type":"article","og_title":"Inauguration Memorial Rambles 2019 - Lola Dom\u00e8nech architect","og_description":"El 04 de marzo de 2019 se inaugura el Memorial Ramblas en recuerdo a las v\u00edctimas del atentado de 17 de agosto de 2017","og_url":"https:\/\/lola.vueloiv.com\/en\/inauguration-memorial-rambles-2019\/","og_site_name":"Lola Dom\u00e8nech architect","article_published_time":"2019-04-30T12:47:26+00:00","article_modified_time":"2019-06-18T09:27:35+00:00","og_image":[{"width":870,"height":1160,"url":"https:\/\/lola.vueloiv.com\/wp-content\/uploads\/MR_01.jpg","type":"image\/jpeg"}],"author":"Lola Domenech","twitter_card":"summary_large_image","twitter_misc":{"Written by":"Lola Domenech","Est. reading time":"1 minute"},"schema":{"@context":"https:\/\/schema.org","@graph":[{"@type":"Article","@id":"https:\/\/lola.vueloiv.com\/en\/inauguration-memorial-rambles-2019\/#article","isPartOf":{"@id":"https:\/\/lola.vueloiv.com\/en\/inauguration-memorial-rambles-2019\/"},"author":{"name":"Lola Domenech","@id":"https:\/\/lola.vueloiv.com\/en\/#\/schema\/person\/bf923a760dcfaa0865d34f6042bc48d1"},"headline":"Inauguration Memorial Rambles 2019","datePublished":"2019-04-30T12:47:26+00:00","dateModified":"2019-06-18T09:27:35+00:00","mainEntityOfPage":{"@id":"https:\/\/lola.vueloiv.com\/en\/inauguration-memorial-rambles-2019\/"},"wordCount":169,"commentCount":0,"publisher":{"@id":"https:\/\/lola.vueloiv.com\/en\/#organization"},"image":{"@id":"https:\/\/lola.vueloiv.com\/en\/inauguration-memorial-rambles-2019\/#primaryimage"},"thumbnailUrl":"https:\/\/lola.vueloiv.com\/wp-content\/uploads\/MR_01.jpg","articleSection":["News"],"inLanguage":"en-US","potentialAction":[{"@type":"CommentAction","name":"Comment","target":["https:\/\/lola.vueloiv.com\/en\/inauguration-memorial-rambles-2019\/#respond"]}]},{"@type":"WebPage","@id":"https:\/\/lola.vueloiv.com\/en\/inauguration-memorial-rambles-2019\/","url":"https:\/\/lola.vueloiv.com\/en\/inauguration-memorial-rambles-2019\/","name":"Inauguration Memorial Rambles 2019 - Lola Dom\u00e8nech architect","isPartOf":{"@id":"https:\/\/lola.vueloiv.com\/en\/#website"},"primaryImageOfPage":{"@id":"https:\/\/lola.vueloiv.com\/en\/inauguration-memorial-rambles-2019\/#primaryimage"},"image":{"@id":"https:\/\/lola.vueloiv.com\/en\/inauguration-memorial-rambles-2019\/#primaryimage"},"thumbnailUrl":"https:\/\/lola.vueloiv.com\/wp-content\/uploads\/MR_01.jpg","datePublished":"2019-04-30T12:47:26+00:00","dateModified":"2019-06-18T09:27:35+00:00","breadcrumb":{"@id":"https:\/\/lola.vueloiv.com\/en\/inauguration-memorial-rambles-2019\/#breadcrumb"},"inLanguage":"en-US","potentialAction":[{"@type":"ReadAction","target":["https:\/\/lola.vueloiv.com\/en\/inauguration-memorial-rambles-2019\/"]}]},{"@type":"ImageObject","inLanguage":"en-US","@id":"https:\/\/lola.vueloiv.com\/en\/inauguration-memorial-rambles-2019\/#primaryimage","url":"https:\/\/lola.vueloiv.com\/wp-content\/uploads\/MR_01.jpg","contentUrl":"https:\/\/lola.vueloiv.com\/wp-content\/uploads\/MR_01.jpg","width":870,"height":1160},{"@type":"BreadcrumbList","@id":"https:\/\/lola.vueloiv.com\/en\/inauguration-memorial-rambles-2019\/#breadcrumb","itemListElement":[{"@type":"ListItem","position":1,"name":"Home","item":"https:\/\/lola.vueloiv.com\/en\/"},{"@type":"ListItem","position":2,"name":"Inauguration Memorial Rambles 2019"}]},{"@type":"WebSite","@id":"https:\/\/lola.vueloiv.com\/en\/#website","url":"https:\/\/lola.vueloiv.com\/en\/","name":"Lola Dom\u00e8nech architect","description":"","publisher":{"@id":"https:\/\/lola.vueloiv.com\/en\/#organization"},"potentialAction":[{"@type":"SearchAction","target":{"@type":"EntryPoint","urlTemplate":"https:\/\/lola.vueloiv.com\/en\/?s={search_term_string}"},"query-input":{"@type":"PropertyValueSpecification","valueRequired":true,"valueName":"search_term_string"}}],"inLanguage":"en-US"},{"@type":"Organization","@id":"https:\/\/lola.vueloiv.com\/en\/#organization","name":"Lola Dom\u00e8nech architect","url":"https:\/\/lola.vueloiv.com\/en\/","logo":{"@type":"ImageObject","inLanguage":"en-US","@id":"https:\/\/lola.vueloiv.com\/en\/#\/schema\/logo\/image\/","url":"https:\/\/lola.vueloiv.com\/wp-content\/uploads\/2026\/08\/favicon.png","contentUrl":"https:\/\/lola.vueloiv.com\/wp-content\/uploads\/2026\/08\/favicon.png","width":558,"height":512,"caption":"Lola Dom\u00e8nech architect"},"image":{"@id":"https:\/\/lola.vueloiv.com\/en\/#\/schema\/logo\/image\/"}},{"@type":"Person","@id":"https:\/\/lola.vueloiv.com\/en\/#\/schema\/person\/bf923a760dcfaa0865d34f6042bc48d1","name":"Lola Domenech","image":{"@type":"ImageObject","inLanguage":"en-US","@id":"https:\/\/secure.gravatar.com\/avatar\/4ce8a0b61f985b962a54af07e2add04df5c6c5a7741e2070fcdf28588148eb1a?s=96&d=mm&r=g","url":"https:\/\/secure.gravatar.com\/avatar\/4ce8a0b61f985b962a54af07e2add04df5c6c5a7741e2070fcdf28588148eb1a?s=96&d=mm&r=g","contentUrl":"https:\/\/secure.gravatar.com\/avatar\/4ce8a0b61f985b962a54af07e2add04df5c6c5a7741e2070fcdf28588148eb1a?s=96&d=mm&r=g","caption":"Lola Domenech"},"url":"https:\/\/lola.vueloiv.com\/en\/author\/lola\/"}]}},"_links":{"self":[{"href":"https:\/\/lola.vueloiv.com\/en\/wp-json\/wp\/v2\/posts\/3630","targetHints":{"allow":["GET"]}}],"collection":[{"href":"https:\/\/lola.vueloiv.com\/en\/wp-json\/wp\/v2\/posts"}],"about":[{"href":"https:\/\/lola.vueloiv.com\/en\/wp-json\/wp\/v2\/types\/post"}],"author":[{"embeddable":true,"href":"https:\/\/lola.vueloiv.com\/en\/wp-json\/wp\/v2\/users\/2"}],"replies":[{"embeddable":true,"href":"https:\/\/lola.vueloiv.com\/en\/wp-json\/wp\/v2\/comments?post=3630"}],"version-history":[{"count":0,"href":"https:\/\/lola.vueloiv.com\/en\/wp-json\/wp\/v2\/posts\/3630\/revisions"}],"wp:featuredmedia":[{"embeddable":true,"href":"https:\/\/lola.vueloiv.com\/en\/wp-json\/wp\/v2\/media\/3631"}],"wp:attachment":[{"href":"https:\/\/lola.vueloiv.com\/en\/wp-json\/wp\/v2\/media?parent=3630"}],"wp:term":[{"taxonomy":"category","embeddable":true,"href":"https:\/\/lola.vueloiv.com\/en\/wp-json\/wp\/v2\/categories?post=3630"},{"taxonomy":"post_tag","embeddable":true,"href":"https:\/\/lola.vueloiv.com\/en\/wp-json\/wp\/v2\/tags?post=3630"}],"curies":[{"name":"wp","href":"https:\/\/api.w.org\/{rel}","templated":true}]}}