{"id":3137,"date":"2021-03-16T11:07:48","date_gmt":"2021-03-16T10:07:48","guid":{"rendered":"https:\/\/www.loladomenech.com\/?p=3137\/"},"modified":"2021-05-07T12:07:43","modified_gmt":"2021-05-07T11:07:43","slug":"remodelacio-de-la-rambla_bcn-2","status":"publish","type":"post","link":"https:\/\/lola.vueloiv.com\/en\/remodelacio-de-la-rambla_bcn-2\/","title":{"rendered":"refurbishment of les rambles_barcelona"},"content":{"rendered":"<p><strong>L\u2019Ajuntament de Barcelona aprova inicialment el projecte executiu de remodelaci\u00f3 de Les Rambles redactat per l\u2019equip de km_ZERO\u00a0<\/strong>(16\/03\/2021)<\/p>\n<p><strong>L\u2019equip km_ZERO\u00a0presenta l\u2019avantpojecte d\u2019estrat\u00e8gies d\u2019actuaci\u00f3 i urbanitzaci\u00f3 de les Rambles.<\/strong><\/p>\n<p>L\u2019equip km_ZERO (Itziar Gonz\u00e1lez_arq, Arnau Boix_arq, Lola Dom\u00e8nech_arq, Olga Tarras\u00f3_arq, Ayesa_enginyeria) presenta al Liceu \u00a0l\u2019Avantprojecte de les Rambles (2\/11\/2018)<\/p>\n<p>El projecte de transformaci\u00f3 de les Rambles que ha liderat km_ZERO, l\u2019equip guanyador del concurs, proposa <strong>recuperar les Rambles com a eix vertebrador\u00a0 a escala de barri i de ciutat<\/strong>. Cal revitalitzar\u00a0 el car\u00e0cter cultural, dom\u00e8stic i identitari\u00a0 d\u2019aquest\u00a0 passeig tan reconegut internacionalment.<br \/>\nPer aix\u00f2 l\u2019equip proposa desenvolupar estrat\u00e8gies de dinamitzaci\u00f3 social, cultural i econ\u00f2mica que complementen la reurbanitzaci\u00f3 del passeig.<br \/>\nLes intervencions es plantegen d\u2019una manera transversal, per tal de diversificar els usos de les Rambles i recuperar-les com un espai emblem\u00e0tic de la ciutat. S\u00f3n un total de 53 actuacions, amb un pressupost previst d\u20191,4 milions d\u2019euros, plantejades en tres grans \u00e0mbits: cultura, habitatge \u00a0i turisme.<br \/>\nEs preveu posar en marxa un pla de gesti\u00f3 cultural i d\u2019equipaments per protegir i donar visibilitat al patrimoni cultural, paisatg\u00edstic i patrimonial de la Rambla, i promoure-hi la creaci\u00f3 art\u00edstica de qualitat.<br \/>\nLa transformaci\u00f3 urbana del Passeig esdev\u00e9 fruit d\u2019un llarg proc\u00e9s de cooperaci\u00f3 ciutadana i t\u00e8cnica en el qual l\u2019equip km_ZERO ha concretat i definit el disseny definitiu del Passeig.<br \/>\nL\u2019avantprojecte d\u2019urbanitzaci\u00f3 proposa fer de les\u00a0 Rambles un passeig funcional i confortable que garanteixi <strong>la mobilitat en transport p\u00fablic, l\u2019accessibilitat a peu, l\u2019activitat econ\u00f2mica d\u2019un comer\u00e7 de proximitat, \u00a0l\u2019habitatge i la cultura<\/strong>.<br \/>\nPer aix\u00f2 s\u2019han definit dos \u00e0mbits d\u2019actuaci\u00f3: d\u2019una banda l\u2019\u00e0mbit de singularitat que s\u2019est\u00e9n al G\u00f2tic i Raval en el qual es desplegaran les estrat\u00e8gies d\u2019actuaci\u00f3 i per altre, l\u2019\u00e0mbit d\u2019urbanitzaci\u00f3 que va de fa\u00e7ana a fa\u00e7ana i recull l\u2019entroncament amb Pla\u00e7a Catalunya a la banda muntanya i l\u2019arribada a Drassanes i Moll de la fusta per la banda mar.<br \/>\nLa nova proposta planteja l\u2019ampliaci\u00f3 del passeig central per donar m\u00e9s espai a l\u2019arbrat existent, i l\u2019ampliaci\u00f3 de les voreres laterals acotant la circulaci\u00f3 a un sol carril per banda.\u00a0 El tra\u00e7at ser\u00e0 unitari al llarg de l\u2019eix i acollir\u00e0 diferents casu\u00edstiques segons el tram.<br \/>\nDins el nou tra\u00e7at es creen tres espais Majors o singulars, que coincideixen amb els principals punts d\u2019encreuament del G\u00f2tic-Raval i amb els grans equipaments culturals. El primer estar\u00e0 situat en l\u2019\u00e0mbit del Palau Moja i de la Virreina; el segon, en l\u2019\u00e0mbit \u00a0del Pla de l\u2019Os-Liceu, i el tercer, al Pla del Teatre Principal.<br \/>\nEn la nova proposta s\u2019incorporar\u00e0 un cord\u00f3 de serveis flexible regulat per una franja hor\u00e0ria i senyalitzat amb leds integrats al paviment.<br \/>\nEn el passeig central s\u2019ordena i racionalitza l\u2019ocupaci\u00f3 de l\u2019espai p\u00fablic eliminant tots aquells elements de mobiliari obsolets i reubicant els quioscs de premsa, floristes i terrasses de bars entre arbres, d\u2019acord amb les directrius fixades pel Pla Especial. Per altra banda, es proposa tamb\u00e9 la ubicaci\u00f3 de noves zones d\u2019estada al llarg de l\u2019eix que es situaran entre arbres,<br \/>\nLa nova proposta t\u00e9 la virtut de donar continu\u00eftat al passeig central fins al mar, creant una nova zona d\u2019estada i espai verd a tocar de Drassanes i el Moll de la Fusta.<br \/>\nEs preveu que les obres, en qu\u00e8 s\u2019invertiran 35,6 milions d\u2019euros, comencin a finals del 2019 o a principis del 2020, un cop s\u2019hagi redactat el projecte executiu i s\u2019hagin licitat les obres. Els treballs comen\u00e7aran al tram m\u00e9s proper al mar (Colom \u2013 Santa Madrona) i avan\u00e7aran en direcci\u00f3 a la muntanya.<br \/>\nEl nou projecte integrar\u00e0 tamb\u00e9 la proposta de memorial per l\u2019atemptat terrorista del passat 17 d\u2019agost de 2017 en l\u2019\u00e0mbit del Pla de L\u2019Os pr\u00f2xim al paviment Mir\u00f3.<br \/>\nEl que s\u2019ha presentat \u00e9s fruit del treball conjunt entre la ciutadania, l\u2019Administraci\u00f3 i l\u2019equip t\u00e8cnic, que des de fa mesos es reuneixen per dissenyar un projecte que permeti recuperar les Rambles \u00a0com a passeig i espai per a la vida comunit\u00e0ria i ve\u00efnal.<br \/>\nS\u2019hi han implicat quatre grups cooperatius ciutadans (GCC), que representen entitats de diferents \u00e0mbits i sensibilitats i que han treballat diversos aspectes (moviment, cultura i equipaments, comunitat i espai p\u00fablic i economia i treball).<br \/>\nEl proc\u00e9s es va iniciar a principis del 2018 i est\u00e0 liderat per l\u2019equip Km_ZERO, guanyador \u00a0del concurs internacional convocat per l\u2019Ajuntament de Barcelona per dinamitzar i remodelar les Rambles de Barcelona.<\/p>\n<p>Barcelona, 7 de novembre de 2018<\/p>\n","protected":false},"excerpt":{"rendered":"<p>L\u2019Ajuntament de Barcelona aprova inicialment el projecte executiu de remodelaci\u00f3 de Les Rambles redactat per l\u2019equip de km_ZERO\u00a0(16\/03\/2021)<\/p>\n","protected":false},"author":2,"featured_media":4760,"comment_status":"open","ping_status":"open","sticky":false,"template":"","format":"standard","meta":{"_acf_changed":false,"footnotes":""},"categories":[1],"tags":[],"class_list":["post-3137","post","type-post","status-publish","format-standard","has-post-thumbnail","hentry","category-news"],"acf":[],"yoast_head":"<!-- This site is optimized with the Yoast SEO plugin v28.3 - https:\/\/yoast.com\/product\/yoast-seo-wordpress\/ -->\n<title>refurbishment of les rambles_barcelona - Lola Dom\u00e8nech architect<\/title>\n<meta name=\"robots\" content=\"noindex, follow, max-snippet:-1, max-image-preview:large, max-video-preview:-1\" \/>\n<meta property=\"og:locale\" content=\"en_US\" \/>\n<meta property=\"og:type\" content=\"article\" \/>\n<meta property=\"og:title\" content=\"refurbishment of les rambles_barcelona - Lola Dom\u00e8nech architect\" \/>\n<meta property=\"og:description\" content=\"L\u2019Ajuntament de Barcelona aprova inicialment el projecte executiu de remodelaci\u00f3 de Les Rambles redactat per l\u2019equip de km_ZERO\u00a0(16\/03\/2021)\" \/>\n<meta property=\"og:url\" content=\"https:\/\/lola.vueloiv.com\/en\/remodelacio-de-la-rambla_bcn-2\/\" \/>\n<meta property=\"og:site_name\" content=\"Lola Dom\u00e8nech architect\" \/>\n<meta property=\"article:published_time\" content=\"2021-03-16T10:07:48+00:00\" \/>\n<meta property=\"article:modified_time\" content=\"2021-05-07T11:07:43+00:00\" \/>\n<meta property=\"og:image\" content=\"https:\/\/lola.vueloiv.com\/wp-content\/uploads\/rambles_featured-1124x562.jpg\" \/>\n\t<meta property=\"og:image:width\" content=\"1124\" \/>\n\t<meta property=\"og:image:height\" content=\"562\" \/>\n\t<meta property=\"og:image:type\" content=\"image\/jpeg\" \/>\n<meta name=\"author\" content=\"Lola Domenech\" \/>\n<meta name=\"twitter:card\" content=\"summary_large_image\" \/>\n<meta name=\"twitter:label1\" content=\"Written by\" \/>\n\t<meta name=\"twitter:data1\" content=\"Lola Domenech\" \/>\n\t<meta name=\"twitter:label2\" content=\"Est. reading time\" \/>\n\t<meta name=\"twitter:data2\" content=\"4 minutes\" \/>\n<script type=\"application\/ld+json\" class=\"yoast-schema-graph\">{\"@context\":\"https:\\\/\\\/schema.org\",\"@graph\":[{\"@type\":\"Article\",\"@id\":\"https:\\\/\\\/lola.vueloiv.com\\\/en\\\/remodelacio-de-la-rambla_bcn-2\\\/#article\",\"isPartOf\":{\"@id\":\"https:\\\/\\\/lola.vueloiv.com\\\/en\\\/remodelacio-de-la-rambla_bcn-2\\\/\"},\"author\":{\"name\":\"Lola Domenech\",\"@id\":\"https:\\\/\\\/lola.vueloiv.com\\\/en\\\/#\\\/schema\\\/person\\\/bf923a760dcfaa0865d34f6042bc48d1\"},\"headline\":\"refurbishment of les rambles_barcelona\",\"datePublished\":\"2021-03-16T10:07:48+00:00\",\"dateModified\":\"2021-05-07T11:07:43+00:00\",\"mainEntityOfPage\":{\"@id\":\"https:\\\/\\\/lola.vueloiv.com\\\/en\\\/remodelacio-de-la-rambla_bcn-2\\\/\"},\"wordCount\":827,\"commentCount\":0,\"publisher\":{\"@id\":\"https:\\\/\\\/lola.vueloiv.com\\\/en\\\/#organization\"},\"image\":{\"@id\":\"https:\\\/\\\/lola.vueloiv.com\\\/en\\\/remodelacio-de-la-rambla_bcn-2\\\/#primaryimage\"},\"thumbnailUrl\":\"https:\\\/\\\/lola.vueloiv.com\\\/wp-content\\\/uploads\\\/rambles_featured.jpg\",\"articleSection\":[\"News\"],\"inLanguage\":\"en-US\",\"potentialAction\":[{\"@type\":\"CommentAction\",\"name\":\"Comment\",\"target\":[\"https:\\\/\\\/lola.vueloiv.com\\\/en\\\/remodelacio-de-la-rambla_bcn-2\\\/#respond\"]}]},{\"@type\":\"WebPage\",\"@id\":\"https:\\\/\\\/lola.vueloiv.com\\\/en\\\/remodelacio-de-la-rambla_bcn-2\\\/\",\"url\":\"https:\\\/\\\/lola.vueloiv.com\\\/en\\\/remodelacio-de-la-rambla_bcn-2\\\/\",\"name\":\"refurbishment of les rambles_barcelona - Lola Dom\u00e8nech architect\",\"isPartOf\":{\"@id\":\"https:\\\/\\\/lola.vueloiv.com\\\/en\\\/#website\"},\"primaryImageOfPage\":{\"@id\":\"https:\\\/\\\/lola.vueloiv.com\\\/en\\\/remodelacio-de-la-rambla_bcn-2\\\/#primaryimage\"},\"image\":{\"@id\":\"https:\\\/\\\/lola.vueloiv.com\\\/en\\\/remodelacio-de-la-rambla_bcn-2\\\/#primaryimage\"},\"thumbnailUrl\":\"https:\\\/\\\/lola.vueloiv.com\\\/wp-content\\\/uploads\\\/rambles_featured.jpg\",\"datePublished\":\"2021-03-16T10:07:48+00:00\",\"dateModified\":\"2021-05-07T11:07:43+00:00\",\"breadcrumb\":{\"@id\":\"https:\\\/\\\/lola.vueloiv.com\\\/en\\\/remodelacio-de-la-rambla_bcn-2\\\/#breadcrumb\"},\"inLanguage\":\"en-US\",\"potentialAction\":[{\"@type\":\"ReadAction\",\"target\":[\"https:\\\/\\\/lola.vueloiv.com\\\/en\\\/remodelacio-de-la-rambla_bcn-2\\\/\"]}]},{\"@type\":\"ImageObject\",\"inLanguage\":\"en-US\",\"@id\":\"https:\\\/\\\/lola.vueloiv.com\\\/en\\\/remodelacio-de-la-rambla_bcn-2\\\/#primaryimage\",\"url\":\"https:\\\/\\\/lola.vueloiv.com\\\/wp-content\\\/uploads\\\/rambles_featured.jpg\",\"contentUrl\":\"https:\\\/\\\/lola.vueloiv.com\\\/wp-content\\\/uploads\\\/rambles_featured.jpg\",\"width\":2320,\"height\":1160,\"caption\":\"La Rambla Street is the most popular touristic place in Barcelona. A view from the Columbus Monument.\"},{\"@type\":\"BreadcrumbList\",\"@id\":\"https:\\\/\\\/lola.vueloiv.com\\\/en\\\/remodelacio-de-la-rambla_bcn-2\\\/#breadcrumb\",\"itemListElement\":[{\"@type\":\"ListItem\",\"position\":1,\"name\":\"Home\",\"item\":\"https:\\\/\\\/lola.vueloiv.com\\\/en\\\/\"},{\"@type\":\"ListItem\",\"position\":2,\"name\":\"refurbishment of les rambles_barcelona\"}]},{\"@type\":\"WebSite\",\"@id\":\"https:\\\/\\\/lola.vueloiv.com\\\/en\\\/#website\",\"url\":\"https:\\\/\\\/lola.vueloiv.com\\\/en\\\/\",\"name\":\"Lola Dom\u00e8nech architect\",\"description\":\"\",\"publisher\":{\"@id\":\"https:\\\/\\\/lola.vueloiv.com\\\/en\\\/#organization\"},\"potentialAction\":[{\"@type\":\"SearchAction\",\"target\":{\"@type\":\"EntryPoint\",\"urlTemplate\":\"https:\\\/\\\/lola.vueloiv.com\\\/en\\\/?s={search_term_string}\"},\"query-input\":{\"@type\":\"PropertyValueSpecification\",\"valueRequired\":true,\"valueName\":\"search_term_string\"}}],\"inLanguage\":\"en-US\"},{\"@type\":\"Organization\",\"@id\":\"https:\\\/\\\/lola.vueloiv.com\\\/en\\\/#organization\",\"name\":\"Lola Dom\u00e8nech architect\",\"url\":\"https:\\\/\\\/lola.vueloiv.com\\\/en\\\/\",\"logo\":{\"@type\":\"ImageObject\",\"inLanguage\":\"en-US\",\"@id\":\"https:\\\/\\\/lola.vueloiv.com\\\/en\\\/#\\\/schema\\\/logo\\\/image\\\/\",\"url\":\"https:\\\/\\\/lola.vueloiv.com\\\/wp-content\\\/uploads\\\/2026\\\/08\\\/favicon.png\",\"contentUrl\":\"https:\\\/\\\/lola.vueloiv.com\\\/wp-content\\\/uploads\\\/2026\\\/08\\\/favicon.png\",\"width\":558,\"height\":512,\"caption\":\"Lola Dom\u00e8nech architect\"},\"image\":{\"@id\":\"https:\\\/\\\/lola.vueloiv.com\\\/en\\\/#\\\/schema\\\/logo\\\/image\\\/\"}},{\"@type\":\"Person\",\"@id\":\"https:\\\/\\\/lola.vueloiv.com\\\/en\\\/#\\\/schema\\\/person\\\/bf923a760dcfaa0865d34f6042bc48d1\",\"name\":\"Lola Domenech\",\"image\":{\"@type\":\"ImageObject\",\"inLanguage\":\"en-US\",\"@id\":\"https:\\\/\\\/secure.gravatar.com\\\/avatar\\\/4ce8a0b61f985b962a54af07e2add04df5c6c5a7741e2070fcdf28588148eb1a?s=96&d=mm&r=g\",\"url\":\"https:\\\/\\\/secure.gravatar.com\\\/avatar\\\/4ce8a0b61f985b962a54af07e2add04df5c6c5a7741e2070fcdf28588148eb1a?s=96&d=mm&r=g\",\"contentUrl\":\"https:\\\/\\\/secure.gravatar.com\\\/avatar\\\/4ce8a0b61f985b962a54af07e2add04df5c6c5a7741e2070fcdf28588148eb1a?s=96&d=mm&r=g\",\"caption\":\"Lola Domenech\"},\"url\":\"https:\\\/\\\/lola.vueloiv.com\\\/en\\\/author\\\/lola\\\/\"}]}<\/script>\n<!-- \/ Yoast SEO plugin. -->","yoast_head_json":{"title":"refurbishment of les rambles_barcelona - Lola Dom\u00e8nech architect","robots":{"index":"noindex","follow":"follow","max-snippet":"max-snippet:-1","max-image-preview":"max-image-preview:large","max-video-preview":"max-video-preview:-1"},"og_locale":"en_US","og_type":"article","og_title":"refurbishment of les rambles_barcelona - Lola Dom\u00e8nech architect","og_description":"L\u2019Ajuntament de Barcelona aprova inicialment el projecte executiu de remodelaci\u00f3 de Les Rambles redactat per l\u2019equip de km_ZERO\u00a0(16\/03\/2021)","og_url":"https:\/\/lola.vueloiv.com\/en\/remodelacio-de-la-rambla_bcn-2\/","og_site_name":"Lola Dom\u00e8nech architect","article_published_time":"2021-03-16T10:07:48+00:00","article_modified_time":"2021-05-07T11:07:43+00:00","og_image":[{"width":1124,"height":562,"url":"https:\/\/lola.vueloiv.com\/wp-content\/uploads\/rambles_featured-1124x562.jpg","type":"image\/jpeg"}],"author":"Lola Domenech","twitter_card":"summary_large_image","twitter_misc":{"Written by":"Lola Domenech","Est. reading time":"4 minutes"},"schema":{"@context":"https:\/\/schema.org","@graph":[{"@type":"Article","@id":"https:\/\/lola.vueloiv.com\/en\/remodelacio-de-la-rambla_bcn-2\/#article","isPartOf":{"@id":"https:\/\/lola.vueloiv.com\/en\/remodelacio-de-la-rambla_bcn-2\/"},"author":{"name":"Lola Domenech","@id":"https:\/\/lola.vueloiv.com\/en\/#\/schema\/person\/bf923a760dcfaa0865d34f6042bc48d1"},"headline":"refurbishment of les rambles_barcelona","datePublished":"2021-03-16T10:07:48+00:00","dateModified":"2021-05-07T11:07:43+00:00","mainEntityOfPage":{"@id":"https:\/\/lola.vueloiv.com\/en\/remodelacio-de-la-rambla_bcn-2\/"},"wordCount":827,"commentCount":0,"publisher":{"@id":"https:\/\/lola.vueloiv.com\/en\/#organization"},"image":{"@id":"https:\/\/lola.vueloiv.com\/en\/remodelacio-de-la-rambla_bcn-2\/#primaryimage"},"thumbnailUrl":"https:\/\/lola.vueloiv.com\/wp-content\/uploads\/rambles_featured.jpg","articleSection":["News"],"inLanguage":"en-US","potentialAction":[{"@type":"CommentAction","name":"Comment","target":["https:\/\/lola.vueloiv.com\/en\/remodelacio-de-la-rambla_bcn-2\/#respond"]}]},{"@type":"WebPage","@id":"https:\/\/lola.vueloiv.com\/en\/remodelacio-de-la-rambla_bcn-2\/","url":"https:\/\/lola.vueloiv.com\/en\/remodelacio-de-la-rambla_bcn-2\/","name":"refurbishment of les rambles_barcelona - Lola Dom\u00e8nech architect","isPartOf":{"@id":"https:\/\/lola.vueloiv.com\/en\/#website"},"primaryImageOfPage":{"@id":"https:\/\/lola.vueloiv.com\/en\/remodelacio-de-la-rambla_bcn-2\/#primaryimage"},"image":{"@id":"https:\/\/lola.vueloiv.com\/en\/remodelacio-de-la-rambla_bcn-2\/#primaryimage"},"thumbnailUrl":"https:\/\/lola.vueloiv.com\/wp-content\/uploads\/rambles_featured.jpg","datePublished":"2021-03-16T10:07:48+00:00","dateModified":"2021-05-07T11:07:43+00:00","breadcrumb":{"@id":"https:\/\/lola.vueloiv.com\/en\/remodelacio-de-la-rambla_bcn-2\/#breadcrumb"},"inLanguage":"en-US","potentialAction":[{"@type":"ReadAction","target":["https:\/\/lola.vueloiv.com\/en\/remodelacio-de-la-rambla_bcn-2\/"]}]},{"@type":"ImageObject","inLanguage":"en-US","@id":"https:\/\/lola.vueloiv.com\/en\/remodelacio-de-la-rambla_bcn-2\/#primaryimage","url":"https:\/\/lola.vueloiv.com\/wp-content\/uploads\/rambles_featured.jpg","contentUrl":"https:\/\/lola.vueloiv.com\/wp-content\/uploads\/rambles_featured.jpg","width":2320,"height":1160,"caption":"La Rambla Street is the most popular touristic place in Barcelona. A view from the Columbus Monument."},{"@type":"BreadcrumbList","@id":"https:\/\/lola.vueloiv.com\/en\/remodelacio-de-la-rambla_bcn-2\/#breadcrumb","itemListElement":[{"@type":"ListItem","position":1,"name":"Home","item":"https:\/\/lola.vueloiv.com\/en\/"},{"@type":"ListItem","position":2,"name":"refurbishment of les rambles_barcelona"}]},{"@type":"WebSite","@id":"https:\/\/lola.vueloiv.com\/en\/#website","url":"https:\/\/lola.vueloiv.com\/en\/","name":"Lola Dom\u00e8nech architect","description":"","publisher":{"@id":"https:\/\/lola.vueloiv.com\/en\/#organization"},"potentialAction":[{"@type":"SearchAction","target":{"@type":"EntryPoint","urlTemplate":"https:\/\/lola.vueloiv.com\/en\/?s={search_term_string}"},"query-input":{"@type":"PropertyValueSpecification","valueRequired":true,"valueName":"search_term_string"}}],"inLanguage":"en-US"},{"@type":"Organization","@id":"https:\/\/lola.vueloiv.com\/en\/#organization","name":"Lola Dom\u00e8nech architect","url":"https:\/\/lola.vueloiv.com\/en\/","logo":{"@type":"ImageObject","inLanguage":"en-US","@id":"https:\/\/lola.vueloiv.com\/en\/#\/schema\/logo\/image\/","url":"https:\/\/lola.vueloiv.com\/wp-content\/uploads\/2026\/08\/favicon.png","contentUrl":"https:\/\/lola.vueloiv.com\/wp-content\/uploads\/2026\/08\/favicon.png","width":558,"height":512,"caption":"Lola Dom\u00e8nech architect"},"image":{"@id":"https:\/\/lola.vueloiv.com\/en\/#\/schema\/logo\/image\/"}},{"@type":"Person","@id":"https:\/\/lola.vueloiv.com\/en\/#\/schema\/person\/bf923a760dcfaa0865d34f6042bc48d1","name":"Lola Domenech","image":{"@type":"ImageObject","inLanguage":"en-US","@id":"https:\/\/secure.gravatar.com\/avatar\/4ce8a0b61f985b962a54af07e2add04df5c6c5a7741e2070fcdf28588148eb1a?s=96&d=mm&r=g","url":"https:\/\/secure.gravatar.com\/avatar\/4ce8a0b61f985b962a54af07e2add04df5c6c5a7741e2070fcdf28588148eb1a?s=96&d=mm&r=g","contentUrl":"https:\/\/secure.gravatar.com\/avatar\/4ce8a0b61f985b962a54af07e2add04df5c6c5a7741e2070fcdf28588148eb1a?s=96&d=mm&r=g","caption":"Lola Domenech"},"url":"https:\/\/lola.vueloiv.com\/en\/author\/lola\/"}]}},"_links":{"self":[{"href":"https:\/\/lola.vueloiv.com\/en\/wp-json\/wp\/v2\/posts\/3137","targetHints":{"allow":["GET"]}}],"collection":[{"href":"https:\/\/lola.vueloiv.com\/en\/wp-json\/wp\/v2\/posts"}],"about":[{"href":"https:\/\/lola.vueloiv.com\/en\/wp-json\/wp\/v2\/types\/post"}],"author":[{"embeddable":true,"href":"https:\/\/lola.vueloiv.com\/en\/wp-json\/wp\/v2\/users\/2"}],"replies":[{"embeddable":true,"href":"https:\/\/lola.vueloiv.com\/en\/wp-json\/wp\/v2\/comments?post=3137"}],"version-history":[{"count":0,"href":"https:\/\/lola.vueloiv.com\/en\/wp-json\/wp\/v2\/posts\/3137\/revisions"}],"wp:featuredmedia":[{"embeddable":true,"href":"https:\/\/lola.vueloiv.com\/en\/wp-json\/wp\/v2\/media\/4760"}],"wp:attachment":[{"href":"https:\/\/lola.vueloiv.com\/en\/wp-json\/wp\/v2\/media?parent=3137"}],"wp:term":[{"taxonomy":"category","embeddable":true,"href":"https:\/\/lola.vueloiv.com\/en\/wp-json\/wp\/v2\/categories?post=3137"},{"taxonomy":"post_tag","embeddable":true,"href":"https:\/\/lola.vueloiv.com\/en\/wp-json\/wp\/v2\/tags?post=3137"}],"curies":[{"name":"wp","href":"https:\/\/api.w.org\/{rel}","templated":true}]}}