{"id":172,"date":"2018-10-01T11:07:48","date_gmt":"2018-10-01T10:07:48","guid":{"rendered":"https:\/\/www.loladomenech.com\/?p=172"},"modified":"2019-06-18T11:40:12","modified_gmt":"2019-06-18T10:40:12","slug":"remodelacio-de-la-rambla_bcn","status":"publish","type":"post","link":"https:\/\/lola.vueloiv.com\/en\/remodelacio-de-la-rambla_bcn\/","title":{"rendered":"refurbishment of les rambles_barcelona"},"content":{"rendered":"<h2>The km_ZERO team wins the international competition of les Rambles de Barcelona (2017).<\/h2>\n<p>Km_ZERO is a team with extensive knowledge of the Rambles composed of 15 professionals from different areas, all of them very close to the local dynamics of the street: \u00a0Itziar Gonz\u00e1lez (architect), Arnau Boix (architect), Lola Dom\u00e8nech (architect), Olga Tarras\u00f3 (architect), Jordi Qui\u00f1onero (sociologist), Paul B. Preciado (Phd. in philosophy), Josep Selga (biologist), Ole Thorson (engineer of roads, canals and ports), Sergi Cutillas (economist), Ernest Ca\u00f1ada (geographer), Albert Conesa (industrial engineer), Sebasti\u00e0 Ribot (engineer of roads, canals and ports), Cristina Pedraza (technical architect), Pablo Feu (lawyer) i Pere Mogas (urbanist). Also, throughout the process will count on the participation of more professionals and experts from various areas.<br \/>\nThe winning project was awarded 84.68 points out of 100. It is the best score awarded by the competition jury after taking into account all aspects, both technical and content, and has concluded that it deals with the proposal that best suits the current needs of the Rambles and the aim of recovering it for local use.<br \/>\nThe assessment has been carried out by the internal staff of the City Council and external members, including representatives of the Friends of La Rambla Association, the College of Architects of Catalonia, the College of Political Scientists and Sociologists of Catalonia, the College of Geographers of Catalonia and the College of Civil Engineers, Canals and Ports of Catalonia.<br \/>\nIn total, 6 teams that make up about 85 professionals have been submitted to the competition.<\/p>\n<h2>Six months to draft the strategies of action and the preliminary project of urbanization.<\/h2>\n<p>From the beginning of the work, the winning team will have six months to write the necessary documents to face the challenge of transforming les Rambles. On the one hand they will work on the document of action strategies that must take into account the definition of aims and criteria for social and tourism actions; culture and heritage; mobility and public space.<br \/>\nSo, this document will be formed by the four transversal documents that already include the proposal with the objective of directly influencing the public space of les Rambles: management plan for large-scale areas; plan for community dynamization and activation of temporary uses; plan of cultural management and equipment, and preliminary project of urbanization of the public space and environment of les Rambles.<br \/>\nOnce all this assignment is finished, the winning team will work on the urbanization project, which will be based on the document of action strategies. This project has to be ready in the fall of 2018 and has to answer for the needs of people with the main aim of recovering les Rambles as a walk, without major urban transformations.<br \/>\nThe principles on which the urbanization project should be based are: inclusion, accessibility, contextualization, the mixture of uses, sustainability, making it pleasant, safety and innovation. All of this holds on to the precepts that established the Special Plan of Ordination of les Rambles.<\/p>\n","protected":false},"excerpt":{"rendered":"<p>The km_ZERO team wins the international competition of les Rambles de Barcelona (2017)<\/p>\n","protected":false},"author":1,"featured_media":2822,"comment_status":"open","ping_status":"open","sticky":false,"template":"","format":"standard","meta":{"_acf_changed":false,"footnotes":""},"categories":[1],"tags":[],"class_list":["post-172","post","type-post","status-publish","format-standard","has-post-thumbnail","hentry","category-news"],"acf":[],"yoast_head":"<!-- This site is optimized with the Yoast SEO plugin v28.3 - https:\/\/yoast.com\/product\/yoast-seo-wordpress\/ -->\n<title>refurbishment of les rambles_barcelona - Lola Dom\u00e8nech architect<\/title>\n<meta name=\"robots\" content=\"noindex, follow, max-snippet:-1, max-image-preview:large, max-video-preview:-1\" \/>\n<meta property=\"og:locale\" content=\"en_US\" \/>\n<meta property=\"og:type\" content=\"article\" \/>\n<meta property=\"og:title\" content=\"refurbishment of les rambles_barcelona - Lola Dom\u00e8nech architect\" \/>\n<meta property=\"og:description\" content=\"The km_ZERO team wins the international competition of les Rambles de Barcelona (2017)\" \/>\n<meta property=\"og:url\" content=\"https:\/\/lola.vueloiv.com\/en\/remodelacio-de-la-rambla_bcn\/\" \/>\n<meta property=\"og:site_name\" content=\"Lola Dom\u00e8nech architect\" \/>\n<meta property=\"article:published_time\" content=\"2018-10-01T10:07:48+00:00\" \/>\n<meta property=\"article:modified_time\" content=\"2019-06-18T10:40:12+00:00\" \/>\n<meta property=\"og:image\" content=\"https:\/\/lola.vueloiv.com\/wp-content\/uploads\/rambles-1124x562.jpg\" \/>\n\t<meta property=\"og:image:width\" content=\"1124\" \/>\n\t<meta property=\"og:image:height\" content=\"562\" \/>\n\t<meta property=\"og:image:type\" content=\"image\/jpeg\" \/>\n<meta name=\"author\" content=\"webmaster\" \/>\n<meta name=\"twitter:card\" content=\"summary_large_image\" \/>\n<meta name=\"twitter:label1\" content=\"Written by\" \/>\n\t<meta name=\"twitter:data1\" content=\"webmaster\" \/>\n\t<meta name=\"twitter:label2\" content=\"Est. reading time\" \/>\n\t<meta name=\"twitter:data2\" content=\"2 minutes\" \/>\n<script type=\"application\/ld+json\" class=\"yoast-schema-graph\">{\"@context\":\"https:\\\/\\\/schema.org\",\"@graph\":[{\"@type\":\"Article\",\"@id\":\"https:\\\/\\\/lola.vueloiv.com\\\/en\\\/remodelacio-de-la-rambla_bcn\\\/#article\",\"isPartOf\":{\"@id\":\"https:\\\/\\\/lola.vueloiv.com\\\/en\\\/remodelacio-de-la-rambla_bcn\\\/\"},\"author\":{\"name\":\"webmaster\",\"@id\":\"https:\\\/\\\/lola.vueloiv.com\\\/en\\\/#\\\/schema\\\/person\\\/d2a28a0c132b645754e8fe702c05bed5\"},\"headline\":\"refurbishment of les rambles_barcelona\",\"datePublished\":\"2018-10-01T10:07:48+00:00\",\"dateModified\":\"2019-06-18T10:40:12+00:00\",\"mainEntityOfPage\":{\"@id\":\"https:\\\/\\\/lola.vueloiv.com\\\/en\\\/remodelacio-de-la-rambla_bcn\\\/\"},\"wordCount\":496,\"commentCount\":2,\"publisher\":{\"@id\":\"https:\\\/\\\/lola.vueloiv.com\\\/en\\\/#organization\"},\"image\":{\"@id\":\"https:\\\/\\\/lola.vueloiv.com\\\/en\\\/remodelacio-de-la-rambla_bcn\\\/#primaryimage\"},\"thumbnailUrl\":\"https:\\\/\\\/lola.vueloiv.com\\\/wp-content\\\/uploads\\\/rambles.jpg\",\"articleSection\":[\"News\"],\"inLanguage\":\"en-US\",\"potentialAction\":[{\"@type\":\"CommentAction\",\"name\":\"Comment\",\"target\":[\"https:\\\/\\\/lola.vueloiv.com\\\/en\\\/remodelacio-de-la-rambla_bcn\\\/#respond\"]}]},{\"@type\":\"WebPage\",\"@id\":\"https:\\\/\\\/lola.vueloiv.com\\\/en\\\/remodelacio-de-la-rambla_bcn\\\/\",\"url\":\"https:\\\/\\\/lola.vueloiv.com\\\/en\\\/remodelacio-de-la-rambla_bcn\\\/\",\"name\":\"refurbishment of les rambles_barcelona - Lola Dom\u00e8nech architect\",\"isPartOf\":{\"@id\":\"https:\\\/\\\/lola.vueloiv.com\\\/en\\\/#website\"},\"primaryImageOfPage\":{\"@id\":\"https:\\\/\\\/lola.vueloiv.com\\\/en\\\/remodelacio-de-la-rambla_bcn\\\/#primaryimage\"},\"image\":{\"@id\":\"https:\\\/\\\/lola.vueloiv.com\\\/en\\\/remodelacio-de-la-rambla_bcn\\\/#primaryimage\"},\"thumbnailUrl\":\"https:\\\/\\\/lola.vueloiv.com\\\/wp-content\\\/uploads\\\/rambles.jpg\",\"datePublished\":\"2018-10-01T10:07:48+00:00\",\"dateModified\":\"2019-06-18T10:40:12+00:00\",\"breadcrumb\":{\"@id\":\"https:\\\/\\\/lola.vueloiv.com\\\/en\\\/remodelacio-de-la-rambla_bcn\\\/#breadcrumb\"},\"inLanguage\":\"en-US\",\"potentialAction\":[{\"@type\":\"ReadAction\",\"target\":[\"https:\\\/\\\/lola.vueloiv.com\\\/en\\\/remodelacio-de-la-rambla_bcn\\\/\"]}]},{\"@type\":\"ImageObject\",\"inLanguage\":\"en-US\",\"@id\":\"https:\\\/\\\/lola.vueloiv.com\\\/en\\\/remodelacio-de-la-rambla_bcn\\\/#primaryimage\",\"url\":\"https:\\\/\\\/lola.vueloiv.com\\\/wp-content\\\/uploads\\\/rambles.jpg\",\"contentUrl\":\"https:\\\/\\\/lola.vueloiv.com\\\/wp-content\\\/uploads\\\/rambles.jpg\",\"width\":2320,\"height\":1160,\"caption\":\"La Rambla Street is the most popular touristic place in Barcelona. A view from the Columbus Monument.\"},{\"@type\":\"BreadcrumbList\",\"@id\":\"https:\\\/\\\/lola.vueloiv.com\\\/en\\\/remodelacio-de-la-rambla_bcn\\\/#breadcrumb\",\"itemListElement\":[{\"@type\":\"ListItem\",\"position\":1,\"name\":\"Home\",\"item\":\"https:\\\/\\\/lola.vueloiv.com\\\/en\\\/\"},{\"@type\":\"ListItem\",\"position\":2,\"name\":\"refurbishment of les rambles_barcelona\"}]},{\"@type\":\"WebSite\",\"@id\":\"https:\\\/\\\/lola.vueloiv.com\\\/en\\\/#website\",\"url\":\"https:\\\/\\\/lola.vueloiv.com\\\/en\\\/\",\"name\":\"Lola Dom\u00e8nech architect\",\"description\":\"\",\"publisher\":{\"@id\":\"https:\\\/\\\/lola.vueloiv.com\\\/en\\\/#organization\"},\"potentialAction\":[{\"@type\":\"SearchAction\",\"target\":{\"@type\":\"EntryPoint\",\"urlTemplate\":\"https:\\\/\\\/lola.vueloiv.com\\\/en\\\/?s={search_term_string}\"},\"query-input\":{\"@type\":\"PropertyValueSpecification\",\"valueRequired\":true,\"valueName\":\"search_term_string\"}}],\"inLanguage\":\"en-US\"},{\"@type\":\"Organization\",\"@id\":\"https:\\\/\\\/lola.vueloiv.com\\\/en\\\/#organization\",\"name\":\"Lola Dom\u00e8nech architect\",\"url\":\"https:\\\/\\\/lola.vueloiv.com\\\/en\\\/\",\"logo\":{\"@type\":\"ImageObject\",\"inLanguage\":\"en-US\",\"@id\":\"https:\\\/\\\/lola.vueloiv.com\\\/en\\\/#\\\/schema\\\/logo\\\/image\\\/\",\"url\":\"https:\\\/\\\/lola.vueloiv.com\\\/wp-content\\\/uploads\\\/2026\\\/08\\\/favicon.png\",\"contentUrl\":\"https:\\\/\\\/lola.vueloiv.com\\\/wp-content\\\/uploads\\\/2026\\\/08\\\/favicon.png\",\"width\":558,\"height\":512,\"caption\":\"Lola Dom\u00e8nech architect\"},\"image\":{\"@id\":\"https:\\\/\\\/lola.vueloiv.com\\\/en\\\/#\\\/schema\\\/logo\\\/image\\\/\"}},{\"@type\":\"Person\",\"@id\":\"https:\\\/\\\/lola.vueloiv.com\\\/en\\\/#\\\/schema\\\/person\\\/d2a28a0c132b645754e8fe702c05bed5\",\"name\":\"webmaster\",\"image\":{\"@type\":\"ImageObject\",\"inLanguage\":\"en-US\",\"@id\":\"https:\\\/\\\/secure.gravatar.com\\\/avatar\\\/2123be1f4116dda57a7253039ac098c4d1ebc4f10e5248b746eaa4cb498b05e4?s=96&d=mm&r=g\",\"url\":\"https:\\\/\\\/secure.gravatar.com\\\/avatar\\\/2123be1f4116dda57a7253039ac098c4d1ebc4f10e5248b746eaa4cb498b05e4?s=96&d=mm&r=g\",\"contentUrl\":\"https:\\\/\\\/secure.gravatar.com\\\/avatar\\\/2123be1f4116dda57a7253039ac098c4d1ebc4f10e5248b746eaa4cb498b05e4?s=96&d=mm&r=g\",\"caption\":\"webmaster\"},\"sameAs\":[\"https:\\\/\\\/lola.vueloiv.com\"],\"url\":\"https:\\\/\\\/lola.vueloiv.com\\\/en\\\/author\\\/webmaster\\\/\"}]}<\/script>\n<!-- \/ Yoast SEO plugin. -->","yoast_head_json":{"title":"refurbishment of les rambles_barcelona - Lola Dom\u00e8nech architect","robots":{"index":"noindex","follow":"follow","max-snippet":"max-snippet:-1","max-image-preview":"max-image-preview:large","max-video-preview":"max-video-preview:-1"},"og_locale":"en_US","og_type":"article","og_title":"refurbishment of les rambles_barcelona - Lola Dom\u00e8nech architect","og_description":"The km_ZERO team wins the international competition of les Rambles de Barcelona (2017)","og_url":"https:\/\/lola.vueloiv.com\/en\/remodelacio-de-la-rambla_bcn\/","og_site_name":"Lola Dom\u00e8nech architect","article_published_time":"2018-10-01T10:07:48+00:00","article_modified_time":"2019-06-18T10:40:12+00:00","og_image":[{"width":1124,"height":562,"url":"https:\/\/lola.vueloiv.com\/wp-content\/uploads\/rambles-1124x562.jpg","type":"image\/jpeg"}],"author":"webmaster","twitter_card":"summary_large_image","twitter_misc":{"Written by":"webmaster","Est. reading time":"2 minutes"},"schema":{"@context":"https:\/\/schema.org","@graph":[{"@type":"Article","@id":"https:\/\/lola.vueloiv.com\/en\/remodelacio-de-la-rambla_bcn\/#article","isPartOf":{"@id":"https:\/\/lola.vueloiv.com\/en\/remodelacio-de-la-rambla_bcn\/"},"author":{"name":"webmaster","@id":"https:\/\/lola.vueloiv.com\/en\/#\/schema\/person\/d2a28a0c132b645754e8fe702c05bed5"},"headline":"refurbishment of les rambles_barcelona","datePublished":"2018-10-01T10:07:48+00:00","dateModified":"2019-06-18T10:40:12+00:00","mainEntityOfPage":{"@id":"https:\/\/lola.vueloiv.com\/en\/remodelacio-de-la-rambla_bcn\/"},"wordCount":496,"commentCount":2,"publisher":{"@id":"https:\/\/lola.vueloiv.com\/en\/#organization"},"image":{"@id":"https:\/\/lola.vueloiv.com\/en\/remodelacio-de-la-rambla_bcn\/#primaryimage"},"thumbnailUrl":"https:\/\/lola.vueloiv.com\/wp-content\/uploads\/rambles.jpg","articleSection":["News"],"inLanguage":"en-US","potentialAction":[{"@type":"CommentAction","name":"Comment","target":["https:\/\/lola.vueloiv.com\/en\/remodelacio-de-la-rambla_bcn\/#respond"]}]},{"@type":"WebPage","@id":"https:\/\/lola.vueloiv.com\/en\/remodelacio-de-la-rambla_bcn\/","url":"https:\/\/lola.vueloiv.com\/en\/remodelacio-de-la-rambla_bcn\/","name":"refurbishment of les rambles_barcelona - Lola Dom\u00e8nech architect","isPartOf":{"@id":"https:\/\/lola.vueloiv.com\/en\/#website"},"primaryImageOfPage":{"@id":"https:\/\/lola.vueloiv.com\/en\/remodelacio-de-la-rambla_bcn\/#primaryimage"},"image":{"@id":"https:\/\/lola.vueloiv.com\/en\/remodelacio-de-la-rambla_bcn\/#primaryimage"},"thumbnailUrl":"https:\/\/lola.vueloiv.com\/wp-content\/uploads\/rambles.jpg","datePublished":"2018-10-01T10:07:48+00:00","dateModified":"2019-06-18T10:40:12+00:00","breadcrumb":{"@id":"https:\/\/lola.vueloiv.com\/en\/remodelacio-de-la-rambla_bcn\/#breadcrumb"},"inLanguage":"en-US","potentialAction":[{"@type":"ReadAction","target":["https:\/\/lola.vueloiv.com\/en\/remodelacio-de-la-rambla_bcn\/"]}]},{"@type":"ImageObject","inLanguage":"en-US","@id":"https:\/\/lola.vueloiv.com\/en\/remodelacio-de-la-rambla_bcn\/#primaryimage","url":"https:\/\/lola.vueloiv.com\/wp-content\/uploads\/rambles.jpg","contentUrl":"https:\/\/lola.vueloiv.com\/wp-content\/uploads\/rambles.jpg","width":2320,"height":1160,"caption":"La Rambla Street is the most popular touristic place in Barcelona. A view from the Columbus Monument."},{"@type":"BreadcrumbList","@id":"https:\/\/lola.vueloiv.com\/en\/remodelacio-de-la-rambla_bcn\/#breadcrumb","itemListElement":[{"@type":"ListItem","position":1,"name":"Home","item":"https:\/\/lola.vueloiv.com\/en\/"},{"@type":"ListItem","position":2,"name":"refurbishment of les rambles_barcelona"}]},{"@type":"WebSite","@id":"https:\/\/lola.vueloiv.com\/en\/#website","url":"https:\/\/lola.vueloiv.com\/en\/","name":"Lola Dom\u00e8nech architect","description":"","publisher":{"@id":"https:\/\/lola.vueloiv.com\/en\/#organization"},"potentialAction":[{"@type":"SearchAction","target":{"@type":"EntryPoint","urlTemplate":"https:\/\/lola.vueloiv.com\/en\/?s={search_term_string}"},"query-input":{"@type":"PropertyValueSpecification","valueRequired":true,"valueName":"search_term_string"}}],"inLanguage":"en-US"},{"@type":"Organization","@id":"https:\/\/lola.vueloiv.com\/en\/#organization","name":"Lola Dom\u00e8nech architect","url":"https:\/\/lola.vueloiv.com\/en\/","logo":{"@type":"ImageObject","inLanguage":"en-US","@id":"https:\/\/lola.vueloiv.com\/en\/#\/schema\/logo\/image\/","url":"https:\/\/lola.vueloiv.com\/wp-content\/uploads\/2026\/08\/favicon.png","contentUrl":"https:\/\/lola.vueloiv.com\/wp-content\/uploads\/2026\/08\/favicon.png","width":558,"height":512,"caption":"Lola Dom\u00e8nech architect"},"image":{"@id":"https:\/\/lola.vueloiv.com\/en\/#\/schema\/logo\/image\/"}},{"@type":"Person","@id":"https:\/\/lola.vueloiv.com\/en\/#\/schema\/person\/d2a28a0c132b645754e8fe702c05bed5","name":"webmaster","image":{"@type":"ImageObject","inLanguage":"en-US","@id":"https:\/\/secure.gravatar.com\/avatar\/2123be1f4116dda57a7253039ac098c4d1ebc4f10e5248b746eaa4cb498b05e4?s=96&d=mm&r=g","url":"https:\/\/secure.gravatar.com\/avatar\/2123be1f4116dda57a7253039ac098c4d1ebc4f10e5248b746eaa4cb498b05e4?s=96&d=mm&r=g","contentUrl":"https:\/\/secure.gravatar.com\/avatar\/2123be1f4116dda57a7253039ac098c4d1ebc4f10e5248b746eaa4cb498b05e4?s=96&d=mm&r=g","caption":"webmaster"},"sameAs":["https:\/\/lola.vueloiv.com"],"url":"https:\/\/lola.vueloiv.com\/en\/author\/webmaster\/"}]}},"_links":{"self":[{"href":"https:\/\/lola.vueloiv.com\/en\/wp-json\/wp\/v2\/posts\/172","targetHints":{"allow":["GET"]}}],"collection":[{"href":"https:\/\/lola.vueloiv.com\/en\/wp-json\/wp\/v2\/posts"}],"about":[{"href":"https:\/\/lola.vueloiv.com\/en\/wp-json\/wp\/v2\/types\/post"}],"author":[{"embeddable":true,"href":"https:\/\/lola.vueloiv.com\/en\/wp-json\/wp\/v2\/users\/1"}],"replies":[{"embeddable":true,"href":"https:\/\/lola.vueloiv.com\/en\/wp-json\/wp\/v2\/comments?post=172"}],"version-history":[{"count":0,"href":"https:\/\/lola.vueloiv.com\/en\/wp-json\/wp\/v2\/posts\/172\/revisions"}],"wp:featuredmedia":[{"embeddable":true,"href":"https:\/\/lola.vueloiv.com\/en\/wp-json\/wp\/v2\/media\/2822"}],"wp:attachment":[{"href":"https:\/\/lola.vueloiv.com\/en\/wp-json\/wp\/v2\/media?parent=172"}],"wp:term":[{"taxonomy":"category","embeddable":true,"href":"https:\/\/lola.vueloiv.com\/en\/wp-json\/wp\/v2\/categories?post=172"},{"taxonomy":"post_tag","embeddable":true,"href":"https:\/\/lola.vueloiv.com\/en\/wp-json\/wp\/v2\/tags?post=172"}],"curies":[{"name":"wp","href":"https:\/\/api.w.org\/{rel}","templated":true}]}}