{"id":5647,"date":"2024-05-29T08:52:05","date_gmt":"2024-05-29T08:52:05","guid":{"rendered":"https:\/\/www.loladomenech.com\/?p=5647\/"},"modified":"2024-05-29T09:24:36","modified_gmt":"2024-05-29T08:24:36","slug":"continue-works-rambles","status":"publish","type":"post","link":"https:\/\/lola.vueloiv.com\/ca\/continue-works-rambles\/","title":{"rendered":"Continuem les obres Rambles"},"content":{"rendered":"<p>Avui, 28 de maig de 2024, arrenquen les obres Rambles fase 2-5\u00a0(Santa M\u00f2nica &#8211; Pla\u00e7a Catalunya)<\/p>\n<p>Es preveu la seva execuci\u00f3 en 32 mesos.<\/p>\n<p>&nbsp;<\/p>\n<p>Direcci\u00f3 d&#8217;obra: Lola Dom\u00e8nech &amp; Olga Tarras\u00f3, arquitectes<\/p>\n<p>Project manager \/ asistencia t\u00e8cnica: MASTERPLAN-TYPSA<\/p>\n<p>&nbsp;<\/p>\n<style>\n            .legacy-fp-orbits-grid { display: grid; grid-template-columns: repeat(2, 1fr); gap: 16px; margin: 20px 0; }\n            .legacy-fp-orbits-grid img { width: 100%; height: auto; display: block; }\n            @media (max-width: 600px) { .legacy-fp-orbits-grid { grid-template-columns: 1fr; } }\n        <\/style><div class=\"legacy-fp-orbits-grid\"><img loading=\"lazy\" decoding=\"async\" class=\"alignnone size-full wp-image-5637\" src=\"https:\/\/www.loladomenech.com\/wp-content\/uploads\/01.png\" alt=\"\" width=\"2320\" height=\"1160\" srcset=\"https:\/\/lola.vueloiv.com\/wp-content\/uploads\/01.png 2320w, https:\/\/lola.vueloiv.com\/wp-content\/uploads\/01-300x150.png 300w, https:\/\/lola.vueloiv.com\/wp-content\/uploads\/01-1124x562.png 1124w, https:\/\/lola.vueloiv.com\/wp-content\/uploads\/01-150x75.png 150w, https:\/\/lola.vueloiv.com\/wp-content\/uploads\/01-768x384.png 768w, https:\/\/lola.vueloiv.com\/wp-content\/uploads\/01-1536x768.png 1536w, https:\/\/lola.vueloiv.com\/wp-content\/uploads\/01-2048x1024.png 2048w\" sizes=\"auto, (max-width: 2320px) 100vw, 2320px\" \/>\n<img loading=\"lazy\" decoding=\"async\" class=\"alignnone size-full wp-image-5640\" src=\"https:\/\/www.loladomenech.com\/wp-content\/uploads\/02.png\" alt=\"\" width=\"2320\" height=\"1160\" srcset=\"https:\/\/lola.vueloiv.com\/wp-content\/uploads\/02.png 2320w, https:\/\/lola.vueloiv.com\/wp-content\/uploads\/02-300x150.png 300w, https:\/\/lola.vueloiv.com\/wp-content\/uploads\/02-1124x562.png 1124w, https:\/\/lola.vueloiv.com\/wp-content\/uploads\/02-150x75.png 150w, https:\/\/lola.vueloiv.com\/wp-content\/uploads\/02-768x384.png 768w, https:\/\/lola.vueloiv.com\/wp-content\/uploads\/02-1536x768.png 1536w, https:\/\/lola.vueloiv.com\/wp-content\/uploads\/02-2048x1024.png 2048w\" sizes=\"auto, (max-width: 2320px) 100vw, 2320px\" \/>\n<img loading=\"lazy\" decoding=\"async\" class=\"alignnone size-full wp-image-5643\" src=\"https:\/\/www.loladomenech.com\/wp-content\/uploads\/03.png\" alt=\"\" width=\"2320\" height=\"1160\" srcset=\"https:\/\/lola.vueloiv.com\/wp-content\/uploads\/03.png 2320w, https:\/\/lola.vueloiv.com\/wp-content\/uploads\/03-300x150.png 300w, https:\/\/lola.vueloiv.com\/wp-content\/uploads\/03-1124x562.png 1124w, https:\/\/lola.vueloiv.com\/wp-content\/uploads\/03-150x75.png 150w, https:\/\/lola.vueloiv.com\/wp-content\/uploads\/03-768x384.png 768w, https:\/\/lola.vueloiv.com\/wp-content\/uploads\/03-1536x768.png 1536w, https:\/\/lola.vueloiv.com\/wp-content\/uploads\/03-2048x1024.png 2048w\" sizes=\"auto, (max-width: 2320px) 100vw, 2320px\" \/><\/div>\n","protected":false},"excerpt":{"rendered":"<p>Avui, 28 de maig de 2024, arrenquen les obres Rambles fase 2-5\u00a0(Santa M\u00f2nica &#8211; Pla\u00e7a Catalunya) Es preveu la seva execuci\u00f3 en 32 mesos. &nbsp; Direcci\u00f3 d&#8217;obra: Lola Dom\u00e8nech &amp; Olga Tarras\u00f3, arquitectes Project manager \/ asistencia t\u00e8cnica: MASTERPLAN-TYPSA &nbsp;<\/p>\n","protected":false},"author":2,"featured_media":5656,"comment_status":"closed","ping_status":"closed","sticky":false,"template":"","format":"standard","meta":{"_acf_changed":false,"footnotes":""},"categories":[11],"tags":[],"class_list":["post-5647","post","type-post","status-publish","format-standard","has-post-thumbnail","hentry","category-noticies"],"acf":[],"yoast_head":"<!-- This site is optimized with the Yoast SEO plugin v28.3 - https:\/\/yoast.com\/product\/yoast-seo-wordpress\/ -->\n<title>Continuem les obres Rambles - Lola Dom\u00e8nech architect<\/title>\n<meta name=\"robots\" content=\"noindex, follow, max-snippet:-1, max-image-preview:large, max-video-preview:-1\" \/>\n<meta property=\"og:locale\" content=\"ca_ES\" \/>\n<meta property=\"og:type\" content=\"article\" \/>\n<meta property=\"og:title\" content=\"Continuem les obres Rambles - Lola Dom\u00e8nech architect\" \/>\n<meta property=\"og:description\" content=\"Avui, 28 de maig de 2024, arrenquen les obres Rambles fase 2-5\u00a0(Santa M\u00f2nica &#8211; Pla\u00e7a Catalunya) Es preveu la seva execuci\u00f3 en 32 mesos. &nbsp; Direcci\u00f3 d&#8217;obra: Lola Dom\u00e8nech &amp; Olga Tarras\u00f3, arquitectes Project manager \/ asistencia t\u00e8cnica: MASTERPLAN-TYPSA &nbsp;\" \/>\n<meta property=\"og:url\" content=\"https:\/\/lola.vueloiv.com\/en\/continue-works-rambles\/\" \/>\n<meta property=\"og:site_name\" content=\"Lola Dom\u00e8nech architect\" \/>\n<meta property=\"article:published_time\" content=\"2024-05-29T08:52:05+00:00\" \/>\n<meta property=\"og:image\" content=\"https:\/\/lola.vueloiv.com\/wp-content\/uploads\/PORTADA-1124x562.png\" \/>\n\t<meta property=\"og:image:width\" content=\"1124\" \/>\n\t<meta property=\"og:image:height\" content=\"562\" \/>\n\t<meta property=\"og:image:type\" content=\"image\/png\" \/>\n<meta name=\"author\" content=\"Lola Domenech\" \/>\n<meta name=\"twitter:card\" content=\"summary_large_image\" \/>\n<meta name=\"twitter:label1\" content=\"Escrit per\" \/>\n\t<meta name=\"twitter:data1\" content=\"Lola Domenech\" \/>\n<script type=\"application\/ld+json\" class=\"yoast-schema-graph\">{\"@context\":\"https:\\\/\\\/schema.org\",\"@graph\":[{\"@type\":\"Article\",\"@id\":\"https:\\\/\\\/lola.vueloiv.com\\\/en\\\/continue-works-rambles\\\/#article\",\"isPartOf\":{\"@id\":\"https:\\\/\\\/lola.vueloiv.com\\\/en\\\/continue-works-rambles\\\/\"},\"author\":{\"name\":\"Lola Domenech\",\"@id\":\"https:\\\/\\\/lola.vueloiv.com\\\/en\\\/#\\\/schema\\\/person\\\/bf923a760dcfaa0865d34f6042bc48d1\"},\"headline\":\"Continuem les obres Rambles\",\"datePublished\":\"2024-05-29T08:52:05+00:00\",\"mainEntityOfPage\":{\"@id\":\"https:\\\/\\\/lola.vueloiv.com\\\/en\\\/continue-works-rambles\\\/\"},\"wordCount\":61,\"publisher\":{\"@id\":\"https:\\\/\\\/lola.vueloiv.com\\\/en\\\/#organization\"},\"image\":{\"@id\":\"https:\\\/\\\/lola.vueloiv.com\\\/en\\\/continue-works-rambles\\\/#primaryimage\"},\"thumbnailUrl\":\"https:\\\/\\\/lola.vueloiv.com\\\/wp-content\\\/uploads\\\/PORTADA.png\",\"articleSection\":[\"not\u00edcies\"],\"inLanguage\":\"ca\"},{\"@type\":\"WebPage\",\"@id\":\"https:\\\/\\\/lola.vueloiv.com\\\/en\\\/continue-works-rambles\\\/\",\"url\":\"https:\\\/\\\/lola.vueloiv.com\\\/en\\\/continue-works-rambles\\\/\",\"name\":\"Continuem les obres Rambles - Lola Dom\u00e8nech architect\",\"isPartOf\":{\"@id\":\"https:\\\/\\\/lola.vueloiv.com\\\/en\\\/#website\"},\"primaryImageOfPage\":{\"@id\":\"https:\\\/\\\/lola.vueloiv.com\\\/en\\\/continue-works-rambles\\\/#primaryimage\"},\"image\":{\"@id\":\"https:\\\/\\\/lola.vueloiv.com\\\/en\\\/continue-works-rambles\\\/#primaryimage\"},\"thumbnailUrl\":\"https:\\\/\\\/lola.vueloiv.com\\\/wp-content\\\/uploads\\\/PORTADA.png\",\"datePublished\":\"2024-05-29T08:52:05+00:00\",\"breadcrumb\":{\"@id\":\"https:\\\/\\\/lola.vueloiv.com\\\/en\\\/continue-works-rambles\\\/#breadcrumb\"},\"inLanguage\":\"ca\",\"potentialAction\":[{\"@type\":\"ReadAction\",\"target\":[\"https:\\\/\\\/lola.vueloiv.com\\\/en\\\/continue-works-rambles\\\/\"]}]},{\"@type\":\"ImageObject\",\"inLanguage\":\"ca\",\"@id\":\"https:\\\/\\\/lola.vueloiv.com\\\/en\\\/continue-works-rambles\\\/#primaryimage\",\"url\":\"https:\\\/\\\/lola.vueloiv.com\\\/wp-content\\\/uploads\\\/PORTADA.png\",\"contentUrl\":\"https:\\\/\\\/lola.vueloiv.com\\\/wp-content\\\/uploads\\\/PORTADA.png\",\"width\":2320,\"height\":1160},{\"@type\":\"BreadcrumbList\",\"@id\":\"https:\\\/\\\/lola.vueloiv.com\\\/en\\\/continue-works-rambles\\\/#breadcrumb\",\"itemListElement\":[{\"@type\":\"ListItem\",\"position\":1,\"name\":\"Home\",\"item\":\"https:\\\/\\\/lola.vueloiv.com\\\/ca\\\/\"},{\"@type\":\"ListItem\",\"position\":2,\"name\":\"Continuem les obres Rambles\"}]},{\"@type\":\"WebSite\",\"@id\":\"https:\\\/\\\/lola.vueloiv.com\\\/en\\\/#website\",\"url\":\"https:\\\/\\\/lola.vueloiv.com\\\/en\\\/\",\"name\":\"Lola Dom\u00e8nech architect\",\"description\":\"\",\"publisher\":{\"@id\":\"https:\\\/\\\/lola.vueloiv.com\\\/en\\\/#organization\"},\"potentialAction\":[{\"@type\":\"SearchAction\",\"target\":{\"@type\":\"EntryPoint\",\"urlTemplate\":\"https:\\\/\\\/lola.vueloiv.com\\\/en\\\/?s={search_term_string}\"},\"query-input\":{\"@type\":\"PropertyValueSpecification\",\"valueRequired\":true,\"valueName\":\"search_term_string\"}}],\"inLanguage\":\"ca\"},{\"@type\":\"Organization\",\"@id\":\"https:\\\/\\\/lola.vueloiv.com\\\/en\\\/#organization\",\"name\":\"Lola Dom\u00e8nech architect\",\"url\":\"https:\\\/\\\/lola.vueloiv.com\\\/en\\\/\",\"logo\":{\"@type\":\"ImageObject\",\"inLanguage\":\"ca\",\"@id\":\"https:\\\/\\\/lola.vueloiv.com\\\/en\\\/#\\\/schema\\\/logo\\\/image\\\/\",\"url\":\"https:\\\/\\\/lola.vueloiv.com\\\/wp-content\\\/uploads\\\/2026\\\/08\\\/favicon.png\",\"contentUrl\":\"https:\\\/\\\/lola.vueloiv.com\\\/wp-content\\\/uploads\\\/2026\\\/08\\\/favicon.png\",\"width\":558,\"height\":512,\"caption\":\"Lola Dom\u00e8nech architect\"},\"image\":{\"@id\":\"https:\\\/\\\/lola.vueloiv.com\\\/en\\\/#\\\/schema\\\/logo\\\/image\\\/\"}},{\"@type\":\"Person\",\"@id\":\"https:\\\/\\\/lola.vueloiv.com\\\/en\\\/#\\\/schema\\\/person\\\/bf923a760dcfaa0865d34f6042bc48d1\",\"name\":\"Lola Domenech\",\"image\":{\"@type\":\"ImageObject\",\"inLanguage\":\"ca\",\"@id\":\"https:\\\/\\\/secure.gravatar.com\\\/avatar\\\/4ce8a0b61f985b962a54af07e2add04df5c6c5a7741e2070fcdf28588148eb1a?s=96&d=mm&r=g\",\"url\":\"https:\\\/\\\/secure.gravatar.com\\\/avatar\\\/4ce8a0b61f985b962a54af07e2add04df5c6c5a7741e2070fcdf28588148eb1a?s=96&d=mm&r=g\",\"contentUrl\":\"https:\\\/\\\/secure.gravatar.com\\\/avatar\\\/4ce8a0b61f985b962a54af07e2add04df5c6c5a7741e2070fcdf28588148eb1a?s=96&d=mm&r=g\",\"caption\":\"Lola Domenech\"},\"url\":\"https:\\\/\\\/lola.vueloiv.com\\\/ca\\\/author\\\/lola\\\/\"}]}<\/script>\n<!-- \/ Yoast SEO plugin. -->","yoast_head_json":{"title":"Continuem les obres Rambles - Lola Dom\u00e8nech architect","robots":{"index":"noindex","follow":"follow","max-snippet":"max-snippet:-1","max-image-preview":"max-image-preview:large","max-video-preview":"max-video-preview:-1"},"og_locale":"ca_ES","og_type":"article","og_title":"Continuem les obres Rambles - Lola Dom\u00e8nech architect","og_description":"Avui, 28 de maig de 2024, arrenquen les obres Rambles fase 2-5\u00a0(Santa M\u00f2nica &#8211; Pla\u00e7a Catalunya) Es preveu la seva execuci\u00f3 en 32 mesos. &nbsp; Direcci\u00f3 d&#8217;obra: Lola Dom\u00e8nech &amp; Olga Tarras\u00f3, arquitectes Project manager \/ asistencia t\u00e8cnica: MASTERPLAN-TYPSA &nbsp;","og_url":"https:\/\/lola.vueloiv.com\/en\/continue-works-rambles\/","og_site_name":"Lola Dom\u00e8nech architect","article_published_time":"2024-05-29T08:52:05+00:00","og_image":[{"width":1124,"height":562,"url":"https:\/\/lola.vueloiv.com\/wp-content\/uploads\/PORTADA-1124x562.png","type":"image\/png"}],"author":"Lola Domenech","twitter_card":"summary_large_image","twitter_misc":{"Escrit per":"Lola Domenech"},"schema":{"@context":"https:\/\/schema.org","@graph":[{"@type":"Article","@id":"https:\/\/lola.vueloiv.com\/en\/continue-works-rambles\/#article","isPartOf":{"@id":"https:\/\/lola.vueloiv.com\/en\/continue-works-rambles\/"},"author":{"name":"Lola Domenech","@id":"https:\/\/lola.vueloiv.com\/en\/#\/schema\/person\/bf923a760dcfaa0865d34f6042bc48d1"},"headline":"Continuem les obres Rambles","datePublished":"2024-05-29T08:52:05+00:00","mainEntityOfPage":{"@id":"https:\/\/lola.vueloiv.com\/en\/continue-works-rambles\/"},"wordCount":61,"publisher":{"@id":"https:\/\/lola.vueloiv.com\/en\/#organization"},"image":{"@id":"https:\/\/lola.vueloiv.com\/en\/continue-works-rambles\/#primaryimage"},"thumbnailUrl":"https:\/\/lola.vueloiv.com\/wp-content\/uploads\/PORTADA.png","articleSection":["not\u00edcies"],"inLanguage":"ca"},{"@type":"WebPage","@id":"https:\/\/lola.vueloiv.com\/en\/continue-works-rambles\/","url":"https:\/\/lola.vueloiv.com\/en\/continue-works-rambles\/","name":"Continuem les obres Rambles - Lola Dom\u00e8nech architect","isPartOf":{"@id":"https:\/\/lola.vueloiv.com\/en\/#website"},"primaryImageOfPage":{"@id":"https:\/\/lola.vueloiv.com\/en\/continue-works-rambles\/#primaryimage"},"image":{"@id":"https:\/\/lola.vueloiv.com\/en\/continue-works-rambles\/#primaryimage"},"thumbnailUrl":"https:\/\/lola.vueloiv.com\/wp-content\/uploads\/PORTADA.png","datePublished":"2024-05-29T08:52:05+00:00","breadcrumb":{"@id":"https:\/\/lola.vueloiv.com\/en\/continue-works-rambles\/#breadcrumb"},"inLanguage":"ca","potentialAction":[{"@type":"ReadAction","target":["https:\/\/lola.vueloiv.com\/en\/continue-works-rambles\/"]}]},{"@type":"ImageObject","inLanguage":"ca","@id":"https:\/\/lola.vueloiv.com\/en\/continue-works-rambles\/#primaryimage","url":"https:\/\/lola.vueloiv.com\/wp-content\/uploads\/PORTADA.png","contentUrl":"https:\/\/lola.vueloiv.com\/wp-content\/uploads\/PORTADA.png","width":2320,"height":1160},{"@type":"BreadcrumbList","@id":"https:\/\/lola.vueloiv.com\/en\/continue-works-rambles\/#breadcrumb","itemListElement":[{"@type":"ListItem","position":1,"name":"Home","item":"https:\/\/lola.vueloiv.com\/ca\/"},{"@type":"ListItem","position":2,"name":"Continuem les obres Rambles"}]},{"@type":"WebSite","@id":"https:\/\/lola.vueloiv.com\/en\/#website","url":"https:\/\/lola.vueloiv.com\/en\/","name":"Lola Dom\u00e8nech architect","description":"","publisher":{"@id":"https:\/\/lola.vueloiv.com\/en\/#organization"},"potentialAction":[{"@type":"SearchAction","target":{"@type":"EntryPoint","urlTemplate":"https:\/\/lola.vueloiv.com\/en\/?s={search_term_string}"},"query-input":{"@type":"PropertyValueSpecification","valueRequired":true,"valueName":"search_term_string"}}],"inLanguage":"ca"},{"@type":"Organization","@id":"https:\/\/lola.vueloiv.com\/en\/#organization","name":"Lola Dom\u00e8nech architect","url":"https:\/\/lola.vueloiv.com\/en\/","logo":{"@type":"ImageObject","inLanguage":"ca","@id":"https:\/\/lola.vueloiv.com\/en\/#\/schema\/logo\/image\/","url":"https:\/\/lola.vueloiv.com\/wp-content\/uploads\/2026\/08\/favicon.png","contentUrl":"https:\/\/lola.vueloiv.com\/wp-content\/uploads\/2026\/08\/favicon.png","width":558,"height":512,"caption":"Lola Dom\u00e8nech architect"},"image":{"@id":"https:\/\/lola.vueloiv.com\/en\/#\/schema\/logo\/image\/"}},{"@type":"Person","@id":"https:\/\/lola.vueloiv.com\/en\/#\/schema\/person\/bf923a760dcfaa0865d34f6042bc48d1","name":"Lola Domenech","image":{"@type":"ImageObject","inLanguage":"ca","@id":"https:\/\/secure.gravatar.com\/avatar\/4ce8a0b61f985b962a54af07e2add04df5c6c5a7741e2070fcdf28588148eb1a?s=96&d=mm&r=g","url":"https:\/\/secure.gravatar.com\/avatar\/4ce8a0b61f985b962a54af07e2add04df5c6c5a7741e2070fcdf28588148eb1a?s=96&d=mm&r=g","contentUrl":"https:\/\/secure.gravatar.com\/avatar\/4ce8a0b61f985b962a54af07e2add04df5c6c5a7741e2070fcdf28588148eb1a?s=96&d=mm&r=g","caption":"Lola Domenech"},"url":"https:\/\/lola.vueloiv.com\/ca\/author\/lola\/"}]}},"_links":{"self":[{"href":"https:\/\/lola.vueloiv.com\/ca\/wp-json\/wp\/v2\/posts\/5647","targetHints":{"allow":["GET"]}}],"collection":[{"href":"https:\/\/lola.vueloiv.com\/ca\/wp-json\/wp\/v2\/posts"}],"about":[{"href":"https:\/\/lola.vueloiv.com\/ca\/wp-json\/wp\/v2\/types\/post"}],"author":[{"embeddable":true,"href":"https:\/\/lola.vueloiv.com\/ca\/wp-json\/wp\/v2\/users\/2"}],"replies":[{"embeddable":true,"href":"https:\/\/lola.vueloiv.com\/ca\/wp-json\/wp\/v2\/comments?post=5647"}],"version-history":[{"count":0,"href":"https:\/\/lola.vueloiv.com\/ca\/wp-json\/wp\/v2\/posts\/5647\/revisions"}],"wp:featuredmedia":[{"embeddable":true,"href":"https:\/\/lola.vueloiv.com\/ca\/wp-json\/wp\/v2\/media\/5656"}],"wp:attachment":[{"href":"https:\/\/lola.vueloiv.com\/ca\/wp-json\/wp\/v2\/media?parent=5647"}],"wp:term":[{"taxonomy":"category","embeddable":true,"href":"https:\/\/lola.vueloiv.com\/ca\/wp-json\/wp\/v2\/categories?post=5647"},{"taxonomy":"post_tag","embeddable":true,"href":"https:\/\/lola.vueloiv.com\/ca\/wp-json\/wp\/v2\/tags?post=5647"}],"curies":[{"name":"wp","href":"https:\/\/api.w.org\/{rel}","templated":true}]}}