{"id":2839,"date":"2018-08-01T10:33:14","date_gmt":"2018-08-01T09:33:14","guid":{"rendered":"https:\/\/www.loladomenech.com\/open-house-2017\/"},"modified":"2019-11-25T15:04:35","modified_gmt":"2019-11-25T14:04:35","slug":"open-house-2017","status":"publish","type":"post","link":"https:\/\/lola.vueloiv.com\/ca\/open-house-2017\/","title":{"rendered":"reforma d&#8217;habitatge_les corts"},"content":{"rendered":"<p>2017_SELECCIONAT OPEN HOUSE<\/p>\n<p>Arquitectura, tecnologia i sostenibilitat s\u2019uneixen en aquesta reforma integral de 250 m2.<br \/>\nL\u2019habitatge familiar es transforma \u00edntegrament per donar acollida al nou programa funcional i necessitats d\u2019una fam\u00edlia especialment apassionada per la m\u00fasica i l\u2019arquitectura.<br \/>\n\u00c9s un aut\u00e8ntic privilegi professional projectar un habitatge per un client interessat per l\u2019arquitectura i el disseny. Fruit d\u2019aix\u00f2, el projecte flueix i sorgeix pl\u00e0cida i harm\u00f2nicament, sempre amb el repte de buscar la millor soluci\u00f3 espaial, formal i funcional amb estret di\u00e0leg amb els seus usuaris.<br \/>\nCada \u00e0mbit o espai gaudeix d\u2019una atmosfera especial que s\u2019est\u00e9n per tota la vivenda.<br \/>\nEls espais m\u00e9s socials de l\u2019habitatge es situen en extrems oposats ocupant els fronts principals de les fa\u00e7anes\u00a0 oberts a la llum natural i a les vistes.<br \/>\nL\u2019arquitectura est\u00e0 aqu\u00ed estretament lligada a la tecnologia i a la\u00a0 sostenibilitat.<br \/>\nEls sistemes de calefacci\u00f3 amb terra radiant sectoritzat i l\u2019acondicionament de l\u2019aire, es resolen amb l\u2019\u00fas d\u2019energia renovable (aerotermia) optimitzant aix\u00ed el consum energ\u00e8tic.<br \/>\nEl projecte aposta per la sostenibilitat i l\u2019efici\u00e8ncia energ\u00e8tica amb\u00a0 l \u2018\u00fas de materials certificats, sistemes passius de protecci\u00f3 solar- t\u00e8rmica i la\u00a0 renovaci\u00f3 natural de l\u2019aire en tota l\u2019habitatge (ventilaci\u00f3 creuada).\u00a0 A les fa\u00e7anes un sistema automittzat de lames orientables i replegables permetr\u00e0 tamisar i regular l\u2019entrada de llum i radicaci\u00f3 solar.<\/p>\n","protected":false},"excerpt":{"rendered":"<p>2017_SELECCIONAT OPEN HOUSE<\/p>\n","protected":false},"author":2,"featured_media":1582,"comment_status":"open","ping_status":"open","sticky":false,"template":"","format":"standard","meta":{"_acf_changed":false,"footnotes":""},"categories":[11],"tags":[],"class_list":["post-2839","post","type-post","status-publish","format-standard","has-post-thumbnail","hentry","category-noticies"],"acf":[],"yoast_head":"<!-- This site is optimized with the Yoast SEO plugin v28.3 - https:\/\/yoast.com\/product\/yoast-seo-wordpress\/ -->\n<title>reforma d&#039;habitatge_les corts - Lola Dom\u00e8nech architect<\/title>\n<meta name=\"robots\" content=\"noindex, follow, max-snippet:-1, max-image-preview:large, max-video-preview:-1\" \/>\n<meta property=\"og:locale\" content=\"ca_ES\" \/>\n<meta property=\"og:type\" content=\"article\" \/>\n<meta property=\"og:title\" content=\"reforma d&#039;habitatge_les corts - Lola Dom\u00e8nech architect\" \/>\n<meta property=\"og:description\" content=\"2017_SELECCIONAT OPEN HOUSE\" \/>\n<meta property=\"og:url\" content=\"https:\/\/lola.vueloiv.com\/en\/open-house-2017\/\" \/>\n<meta property=\"og:site_name\" content=\"Lola Dom\u00e8nech architect\" \/>\n<meta property=\"article:published_time\" content=\"2018-08-01T09:33:14+00:00\" \/>\n<meta property=\"article:modified_time\" content=\"2019-11-25T14:04:35+00:00\" \/>\n<meta property=\"og:image\" content=\"https:\/\/lola.vueloiv.com\/wp-content\/uploads\/GT_3-1.jpg\" \/>\n\t<meta property=\"og:image:width\" content=\"2320\" \/>\n\t<meta property=\"og:image:height\" content=\"1160\" \/>\n\t<meta property=\"og:image:type\" content=\"image\/jpeg\" \/>\n<meta name=\"author\" content=\"Lola Domenech\" \/>\n<meta name=\"twitter:card\" content=\"summary_large_image\" \/>\n<meta name=\"twitter:label1\" content=\"Escrit per\" \/>\n\t<meta name=\"twitter:data1\" content=\"Lola Domenech\" \/>\n\t<meta name=\"twitter:label2\" content=\"Temps estimat de lectura\" \/>\n\t<meta name=\"twitter:data2\" content=\"1 minut\" \/>\n<script type=\"application\/ld+json\" class=\"yoast-schema-graph\">{\"@context\":\"https:\\\/\\\/schema.org\",\"@graph\":[{\"@type\":\"Article\",\"@id\":\"https:\\\/\\\/lola.vueloiv.com\\\/en\\\/open-house-2017\\\/#article\",\"isPartOf\":{\"@id\":\"https:\\\/\\\/lola.vueloiv.com\\\/en\\\/open-house-2017\\\/\"},\"author\":{\"name\":\"Lola Domenech\",\"@id\":\"https:\\\/\\\/lola.vueloiv.com\\\/en\\\/#\\\/schema\\\/person\\\/bf923a760dcfaa0865d34f6042bc48d1\"},\"headline\":\"reforma d&#8217;habitatge_les corts\",\"datePublished\":\"2018-08-01T09:33:14+00:00\",\"dateModified\":\"2019-11-25T14:04:35+00:00\",\"mainEntityOfPage\":{\"@id\":\"https:\\\/\\\/lola.vueloiv.com\\\/en\\\/open-house-2017\\\/\"},\"wordCount\":251,\"commentCount\":0,\"publisher\":{\"@id\":\"https:\\\/\\\/lola.vueloiv.com\\\/en\\\/#organization\"},\"image\":{\"@id\":\"https:\\\/\\\/lola.vueloiv.com\\\/en\\\/open-house-2017\\\/#primaryimage\"},\"thumbnailUrl\":\"https:\\\/\\\/lola.vueloiv.com\\\/wp-content\\\/uploads\\\/GT_3-1.jpg\",\"articleSection\":[\"not\u00edcies\"],\"inLanguage\":\"ca\",\"potentialAction\":[{\"@type\":\"CommentAction\",\"name\":\"Comment\",\"target\":[\"https:\\\/\\\/lola.vueloiv.com\\\/en\\\/open-house-2017\\\/#respond\"]}]},{\"@type\":\"WebPage\",\"@id\":\"https:\\\/\\\/lola.vueloiv.com\\\/en\\\/open-house-2017\\\/\",\"url\":\"https:\\\/\\\/lola.vueloiv.com\\\/en\\\/open-house-2017\\\/\",\"name\":\"reforma d'habitatge_les corts - Lola Dom\u00e8nech architect\",\"isPartOf\":{\"@id\":\"https:\\\/\\\/lola.vueloiv.com\\\/en\\\/#website\"},\"primaryImageOfPage\":{\"@id\":\"https:\\\/\\\/lola.vueloiv.com\\\/en\\\/open-house-2017\\\/#primaryimage\"},\"image\":{\"@id\":\"https:\\\/\\\/lola.vueloiv.com\\\/en\\\/open-house-2017\\\/#primaryimage\"},\"thumbnailUrl\":\"https:\\\/\\\/lola.vueloiv.com\\\/wp-content\\\/uploads\\\/GT_3-1.jpg\",\"datePublished\":\"2018-08-01T09:33:14+00:00\",\"dateModified\":\"2019-11-25T14:04:35+00:00\",\"breadcrumb\":{\"@id\":\"https:\\\/\\\/lola.vueloiv.com\\\/en\\\/open-house-2017\\\/#breadcrumb\"},\"inLanguage\":\"ca\",\"potentialAction\":[{\"@type\":\"ReadAction\",\"target\":[\"https:\\\/\\\/lola.vueloiv.com\\\/en\\\/open-house-2017\\\/\"]}]},{\"@type\":\"ImageObject\",\"inLanguage\":\"ca\",\"@id\":\"https:\\\/\\\/lola.vueloiv.com\\\/en\\\/open-house-2017\\\/#primaryimage\",\"url\":\"https:\\\/\\\/lola.vueloiv.com\\\/wp-content\\\/uploads\\\/GT_3-1.jpg\",\"contentUrl\":\"https:\\\/\\\/lola.vueloiv.com\\\/wp-content\\\/uploads\\\/GT_3-1.jpg\",\"width\":2320,\"height\":1160},{\"@type\":\"BreadcrumbList\",\"@id\":\"https:\\\/\\\/lola.vueloiv.com\\\/en\\\/open-house-2017\\\/#breadcrumb\",\"itemListElement\":[{\"@type\":\"ListItem\",\"position\":1,\"name\":\"Home\",\"item\":\"https:\\\/\\\/lola.vueloiv.com\\\/ca\\\/\"},{\"@type\":\"ListItem\",\"position\":2,\"name\":\"reforma d&#8217;habitatge_les corts\"}]},{\"@type\":\"WebSite\",\"@id\":\"https:\\\/\\\/lola.vueloiv.com\\\/en\\\/#website\",\"url\":\"https:\\\/\\\/lola.vueloiv.com\\\/en\\\/\",\"name\":\"Lola Dom\u00e8nech architect\",\"description\":\"\",\"publisher\":{\"@id\":\"https:\\\/\\\/lola.vueloiv.com\\\/en\\\/#organization\"},\"potentialAction\":[{\"@type\":\"SearchAction\",\"target\":{\"@type\":\"EntryPoint\",\"urlTemplate\":\"https:\\\/\\\/lola.vueloiv.com\\\/en\\\/?s={search_term_string}\"},\"query-input\":{\"@type\":\"PropertyValueSpecification\",\"valueRequired\":true,\"valueName\":\"search_term_string\"}}],\"inLanguage\":\"ca\"},{\"@type\":\"Organization\",\"@id\":\"https:\\\/\\\/lola.vueloiv.com\\\/en\\\/#organization\",\"name\":\"Lola Dom\u00e8nech architect\",\"url\":\"https:\\\/\\\/lola.vueloiv.com\\\/en\\\/\",\"logo\":{\"@type\":\"ImageObject\",\"inLanguage\":\"ca\",\"@id\":\"https:\\\/\\\/lola.vueloiv.com\\\/en\\\/#\\\/schema\\\/logo\\\/image\\\/\",\"url\":\"https:\\\/\\\/lola.vueloiv.com\\\/wp-content\\\/uploads\\\/2026\\\/08\\\/favicon.png\",\"contentUrl\":\"https:\\\/\\\/lola.vueloiv.com\\\/wp-content\\\/uploads\\\/2026\\\/08\\\/favicon.png\",\"width\":558,\"height\":512,\"caption\":\"Lola Dom\u00e8nech architect\"},\"image\":{\"@id\":\"https:\\\/\\\/lola.vueloiv.com\\\/en\\\/#\\\/schema\\\/logo\\\/image\\\/\"}},{\"@type\":\"Person\",\"@id\":\"https:\\\/\\\/lola.vueloiv.com\\\/en\\\/#\\\/schema\\\/person\\\/bf923a760dcfaa0865d34f6042bc48d1\",\"name\":\"Lola Domenech\",\"image\":{\"@type\":\"ImageObject\",\"inLanguage\":\"ca\",\"@id\":\"https:\\\/\\\/secure.gravatar.com\\\/avatar\\\/4ce8a0b61f985b962a54af07e2add04df5c6c5a7741e2070fcdf28588148eb1a?s=96&d=mm&r=g\",\"url\":\"https:\\\/\\\/secure.gravatar.com\\\/avatar\\\/4ce8a0b61f985b962a54af07e2add04df5c6c5a7741e2070fcdf28588148eb1a?s=96&d=mm&r=g\",\"contentUrl\":\"https:\\\/\\\/secure.gravatar.com\\\/avatar\\\/4ce8a0b61f985b962a54af07e2add04df5c6c5a7741e2070fcdf28588148eb1a?s=96&d=mm&r=g\",\"caption\":\"Lola Domenech\"},\"url\":\"https:\\\/\\\/lola.vueloiv.com\\\/ca\\\/author\\\/lola\\\/\"}]}<\/script>\n<!-- \/ Yoast SEO plugin. -->","yoast_head_json":{"title":"reforma d'habitatge_les corts - Lola Dom\u00e8nech architect","robots":{"index":"noindex","follow":"follow","max-snippet":"max-snippet:-1","max-image-preview":"max-image-preview:large","max-video-preview":"max-video-preview:-1"},"og_locale":"ca_ES","og_type":"article","og_title":"reforma d'habitatge_les corts - Lola Dom\u00e8nech architect","og_description":"2017_SELECCIONAT OPEN HOUSE","og_url":"https:\/\/lola.vueloiv.com\/en\/open-house-2017\/","og_site_name":"Lola Dom\u00e8nech architect","article_published_time":"2018-08-01T09:33:14+00:00","article_modified_time":"2019-11-25T14:04:35+00:00","og_image":[{"width":2320,"height":1160,"url":"https:\/\/lola.vueloiv.com\/wp-content\/uploads\/GT_3-1.jpg","type":"image\/jpeg"}],"author":"Lola Domenech","twitter_card":"summary_large_image","twitter_misc":{"Escrit per":"Lola Domenech","Temps estimat de lectura":"1 minut"},"schema":{"@context":"https:\/\/schema.org","@graph":[{"@type":"Article","@id":"https:\/\/lola.vueloiv.com\/en\/open-house-2017\/#article","isPartOf":{"@id":"https:\/\/lola.vueloiv.com\/en\/open-house-2017\/"},"author":{"name":"Lola Domenech","@id":"https:\/\/lola.vueloiv.com\/en\/#\/schema\/person\/bf923a760dcfaa0865d34f6042bc48d1"},"headline":"reforma d&#8217;habitatge_les corts","datePublished":"2018-08-01T09:33:14+00:00","dateModified":"2019-11-25T14:04:35+00:00","mainEntityOfPage":{"@id":"https:\/\/lola.vueloiv.com\/en\/open-house-2017\/"},"wordCount":251,"commentCount":0,"publisher":{"@id":"https:\/\/lola.vueloiv.com\/en\/#organization"},"image":{"@id":"https:\/\/lola.vueloiv.com\/en\/open-house-2017\/#primaryimage"},"thumbnailUrl":"https:\/\/lola.vueloiv.com\/wp-content\/uploads\/GT_3-1.jpg","articleSection":["not\u00edcies"],"inLanguage":"ca","potentialAction":[{"@type":"CommentAction","name":"Comment","target":["https:\/\/lola.vueloiv.com\/en\/open-house-2017\/#respond"]}]},{"@type":"WebPage","@id":"https:\/\/lola.vueloiv.com\/en\/open-house-2017\/","url":"https:\/\/lola.vueloiv.com\/en\/open-house-2017\/","name":"reforma d'habitatge_les corts - Lola Dom\u00e8nech architect","isPartOf":{"@id":"https:\/\/lola.vueloiv.com\/en\/#website"},"primaryImageOfPage":{"@id":"https:\/\/lola.vueloiv.com\/en\/open-house-2017\/#primaryimage"},"image":{"@id":"https:\/\/lola.vueloiv.com\/en\/open-house-2017\/#primaryimage"},"thumbnailUrl":"https:\/\/lola.vueloiv.com\/wp-content\/uploads\/GT_3-1.jpg","datePublished":"2018-08-01T09:33:14+00:00","dateModified":"2019-11-25T14:04:35+00:00","breadcrumb":{"@id":"https:\/\/lola.vueloiv.com\/en\/open-house-2017\/#breadcrumb"},"inLanguage":"ca","potentialAction":[{"@type":"ReadAction","target":["https:\/\/lola.vueloiv.com\/en\/open-house-2017\/"]}]},{"@type":"ImageObject","inLanguage":"ca","@id":"https:\/\/lola.vueloiv.com\/en\/open-house-2017\/#primaryimage","url":"https:\/\/lola.vueloiv.com\/wp-content\/uploads\/GT_3-1.jpg","contentUrl":"https:\/\/lola.vueloiv.com\/wp-content\/uploads\/GT_3-1.jpg","width":2320,"height":1160},{"@type":"BreadcrumbList","@id":"https:\/\/lola.vueloiv.com\/en\/open-house-2017\/#breadcrumb","itemListElement":[{"@type":"ListItem","position":1,"name":"Home","item":"https:\/\/lola.vueloiv.com\/ca\/"},{"@type":"ListItem","position":2,"name":"reforma d&#8217;habitatge_les corts"}]},{"@type":"WebSite","@id":"https:\/\/lola.vueloiv.com\/en\/#website","url":"https:\/\/lola.vueloiv.com\/en\/","name":"Lola Dom\u00e8nech architect","description":"","publisher":{"@id":"https:\/\/lola.vueloiv.com\/en\/#organization"},"potentialAction":[{"@type":"SearchAction","target":{"@type":"EntryPoint","urlTemplate":"https:\/\/lola.vueloiv.com\/en\/?s={search_term_string}"},"query-input":{"@type":"PropertyValueSpecification","valueRequired":true,"valueName":"search_term_string"}}],"inLanguage":"ca"},{"@type":"Organization","@id":"https:\/\/lola.vueloiv.com\/en\/#organization","name":"Lola Dom\u00e8nech architect","url":"https:\/\/lola.vueloiv.com\/en\/","logo":{"@type":"ImageObject","inLanguage":"ca","@id":"https:\/\/lola.vueloiv.com\/en\/#\/schema\/logo\/image\/","url":"https:\/\/lola.vueloiv.com\/wp-content\/uploads\/2026\/08\/favicon.png","contentUrl":"https:\/\/lola.vueloiv.com\/wp-content\/uploads\/2026\/08\/favicon.png","width":558,"height":512,"caption":"Lola Dom\u00e8nech architect"},"image":{"@id":"https:\/\/lola.vueloiv.com\/en\/#\/schema\/logo\/image\/"}},{"@type":"Person","@id":"https:\/\/lola.vueloiv.com\/en\/#\/schema\/person\/bf923a760dcfaa0865d34f6042bc48d1","name":"Lola Domenech","image":{"@type":"ImageObject","inLanguage":"ca","@id":"https:\/\/secure.gravatar.com\/avatar\/4ce8a0b61f985b962a54af07e2add04df5c6c5a7741e2070fcdf28588148eb1a?s=96&d=mm&r=g","url":"https:\/\/secure.gravatar.com\/avatar\/4ce8a0b61f985b962a54af07e2add04df5c6c5a7741e2070fcdf28588148eb1a?s=96&d=mm&r=g","contentUrl":"https:\/\/secure.gravatar.com\/avatar\/4ce8a0b61f985b962a54af07e2add04df5c6c5a7741e2070fcdf28588148eb1a?s=96&d=mm&r=g","caption":"Lola Domenech"},"url":"https:\/\/lola.vueloiv.com\/ca\/author\/lola\/"}]}},"_links":{"self":[{"href":"https:\/\/lola.vueloiv.com\/ca\/wp-json\/wp\/v2\/posts\/2839","targetHints":{"allow":["GET"]}}],"collection":[{"href":"https:\/\/lola.vueloiv.com\/ca\/wp-json\/wp\/v2\/posts"}],"about":[{"href":"https:\/\/lola.vueloiv.com\/ca\/wp-json\/wp\/v2\/types\/post"}],"author":[{"embeddable":true,"href":"https:\/\/lola.vueloiv.com\/ca\/wp-json\/wp\/v2\/users\/2"}],"replies":[{"embeddable":true,"href":"https:\/\/lola.vueloiv.com\/ca\/wp-json\/wp\/v2\/comments?post=2839"}],"version-history":[{"count":0,"href":"https:\/\/lola.vueloiv.com\/ca\/wp-json\/wp\/v2\/posts\/2839\/revisions"}],"wp:featuredmedia":[{"embeddable":true,"href":"https:\/\/lola.vueloiv.com\/ca\/wp-json\/wp\/v2\/media\/1582"}],"wp:attachment":[{"href":"https:\/\/lola.vueloiv.com\/ca\/wp-json\/wp\/v2\/media?parent=2839"}],"wp:term":[{"taxonomy":"category","embeddable":true,"href":"https:\/\/lola.vueloiv.com\/ca\/wp-json\/wp\/v2\/categories?post=2839"},{"taxonomy":"post_tag","embeddable":true,"href":"https:\/\/lola.vueloiv.com\/ca\/wp-json\/wp\/v2\/tags?post=2839"}],"curies":[{"name":"wp","href":"https:\/\/api.w.org\/{rel}","templated":true}]}}